{"id":7168,"date":"2026-04-27T11:18:32","date_gmt":"2026-04-27T15:18:32","guid":{"rendered":"https:\/\/cpas.scfp.qc.ca\/?p=7168"},"modified":"2026-04-27T11:18:34","modified_gmt":"2026-04-27T15:18:34","slug":"immigration-economique-peq-et-reseau-de-la-sante-une-question-qui-nous-touche-tous","status":"publish","type":"post","link":"https:\/\/cpas.scfp.qc.ca\/?p=7168","title":{"rendered":"Immigration \u00e9conomique, PEQ et r\u00e9seau de la sant\u00e9 : une question qui nous touche tous"},"content":{"rendered":"\n<p>Le 19 novembre dernier, le gouvernement du Qu\u00e9bec a unilat\u00e9ralement aboli le Programme de l&rsquo;exp\u00e9rience qu\u00e9b\u00e9coise (PEQ), le rempla\u00e7ant par le Programme de s\u00e9lection des travailleurs qualifi\u00e9s (PSTQ).<\/p>\n\n\n\n<p>Cette d\u00e9cision soudaine et pr\u00e9cipit\u00e9e soul\u00e8ve une vague d&rsquo;indignation l\u00e9gitime, puisque des milliers de travailleuses et travailleurs temporaires ainsi que d&rsquo;\u00e9tudiantes et \u00e9tudiants \u00e9trangers qui aspirent \u00e0 la r\u00e9sidence permanente se retrouvent aujourd&rsquo;hui dans une situation d&rsquo;incertitude inacceptable. Nos membres, nos coll\u00e8gues, nos communaut\u00e9s, personne ne peut rester les bras crois\u00e9s face \u00e0 de telles r\u00e9percussions.<\/p>\n\n\n\n<p>Dans le r\u00e9seau de la sant\u00e9, le d\u00e9bat sur l&rsquo;immigration n&rsquo;est pas une question abstraite. C&rsquo;est une question au quotidien et de survie, qui touche les \u00e9quipes de soins, des coll\u00e8gues surcharg\u00e9s, et du syst\u00e8me lui-m\u00eame.<\/p>\n\n\n\n<p>Mais pourquoi les syndicats ont le devoir d&rsquo;intervenir ?<\/p>\n\n\n\n<p><strong>UN R\u00c9SEAU D\u00c9J\u00c0 \u00c0 BOUT DE SOUFFLE<\/strong><\/p>\n\n\n\n<p>Personne dans le r\u00e9seau n&rsquo;a besoin de statistiques pour comprendre la situation. On le vit et on le ressent chaque jour.<\/p>\n\n\n\n<p>Le manque de personnel est devenu une \u00ab&nbsp;maladie chronique&nbsp;\u00bb. La surcharge, c&rsquo;est le quotidien, les arr\u00eats de travail pour invalidit\u00e9 explosent, et les \u00e9quipes doivent constamment faire plus avec moins, et trop souvent avec beaucoup moins.<\/p>\n\n\n\n<p><strong>L\u2019ABSENT\u00c9ISME EN CHIFFRES<\/strong><\/p>\n\n\n\n<p>Le rapport publi\u00e9 sur le tableau de bord du minist\u00e8re de la Sant\u00e9 et des Services sociaux, en date du 27 d\u00e9cembre 2025, indique que 26 964 employ\u00e9s du r\u00e9seau sont en arr\u00eat de travail pour invalidit\u00e9 (CNESST ou autres).<\/p>\n\n\n\n<p>Ce taux mesure la proportion d&rsquo;heures r\u00e9mun\u00e9r\u00e9es en assurance salaire et en indemnisation CNESST.<\/p>\n\n\n\n<p>Mais un taux d&rsquo;invalidit\u00e9 du personnel de la sant\u00e9 qui atteint 7,8%, avec une explosion de 10 % en un an, soit son niveau le plus \u00e9lev\u00e9 depuis le d\u00e9but de la pand\u00e9mie.<\/p>\n\n\n\n<p>En extrapolant \u00e0 partir d\u2019un salaire moyen annuel de 68 000 $, cela repr\u00e9sente plus de 1,8 milliard de dollars en co\u00fbts li\u00e9s \u00e0 ce niveau \u00e9lev\u00e9 d\u2019arr\u00eats de travail pour invalidit\u00e9\u2026. 1.8 milliard de dollars !<\/p>\n\n\n\n<p>Ce probl\u00e8me est un probl\u00e8me syst\u00e9mique, point.<\/p>\n\n\n\n<p>Dans ce contexte, toutes les d\u00e9cisions qui touchent la disponibilit\u00e9 et la s\u00e9curit\u00e9 de la main-d&rsquo;\u0153uvre, incluant les politiques d&rsquo;immigration, concerne directement tous les travailleuses et les travailleurs du r\u00e9seau, ayant un impact direct sur les patients.<\/p>\n\n\n\n<p>C&rsquo;est l\u00e0 que le Programme de l&rsquo;exp\u00e9rience qu\u00e9b\u00e9coise (PEQ) prend tout son sens.<\/p>\n\n\n\n<p>Ce programme permet, ou permettait, \u00e0 des gens qui travaillent ici, qui paient des imp\u00f4ts ici, et qui vivent dans nos communaut\u00e9s, d&rsquo;obtenir leur r\u00e9sidence permanente apr\u00e8s quelques ann\u00e9es d&rsquo;exp\u00e9rience au Qu\u00e9bec.<\/p>\n\n\n\n<p>Ce ne sont pas des \u00e9trangers qui arrivent de nulle part. Ce sont souvent des coll\u00e8gues, des voisins, mais aussi des techniciens, des pr\u00e9pos\u00e9s, des professionnels de laboratoire, du personnel de logistique m\u00e9dicale, de production pharmaceutique. Ce sont des gens que l&rsquo;on c\u00f4toie au quotidien et sur lesquels le r\u00e9seau s&rsquo;appuie pour fonctionner et supporter les travailleuses et les travailleurs d\u00e9j\u00e0 en place.<\/p>\n\n\n\n<p>Sans le PEQ, plusieurs de ces personnes se retrouvent forc\u00e9es de quitter le Qu\u00e9bec, alors qu&rsquo;on peine d\u00e9j\u00e0 \u00e0 recruter. Ce n&rsquo;est pas juste une perte pour eux. C&rsquo;est une perte pour notre soci\u00e9t\u00e9.<\/p>\n\n\n\n<p>On a trop souvent tendance \u00e0 parler d&rsquo;immigration en terme \u00e9conomique comme d&rsquo;un dossier administratif, voire comptable. Combien de personnes entrent, combien de personnes sortent, dans quels secteurs, selon quels crit\u00e8res, etc&#8230;<\/p>\n\n\n\n<p>Si le Qu\u00e9bec veut maintenir sa capacit\u00e9 \u00e0 produire des m\u00e9dicaments, \u00e0 soutenir ses technologies m\u00e9dicales, \u00e0 prendre soin de nos ain\u00e9s et de nos enfants, \u00e0 maintenir son syst\u00e8me de sant\u00e9, il a besoin d&rsquo;une main-d&rsquo;\u0153uvre stable et l&rsquo;immigration fait partie de cette \u00e9quation. Qu&rsquo;on le veuille ou non.<\/p>\n\n\n\n<p>Alors pourquoi les organisations syndicales prennent position sur ce dossier ?<\/p>\n\n\n\n<p>Certains vont diront que l&rsquo;immigration, c&rsquo;est l&rsquo;affaire du gouvernement, et pas la leur.<\/p>\n\n\n\n<p>Faux. C\u2019est l\u2019affaire de tous et de toutes.<\/p>\n\n\n\n<p>Chaque fois que des politiques publiques ont eu un impact direct sur le monde du travail comme les salaires, les conditions de travail, la s\u00e9curit\u00e9 d&#8217;emploi, les syndicats ont non seulement eu raison d\u2019intervenir mais ils en avaient et encore aujourd\u2019hui en ont le devoir.<\/p>\n\n\n\n<p>L&rsquo;immigration \u00e9conomique, touche nos milieux de travail, influence la stabilit\u00e9 de nos \u00e9quipes et par cons\u00e9quent touche la qualit\u00e9 des soins que notre r\u00e9seau est capable d&rsquo;offrir.<\/p>\n\n\n\n<p>Ne nous voilons pas la face, l&rsquo;immigration ne doit jamais devenir un pr\u00e9texte pour pr\u00e9cariser des travailleuses et des travailleurs, ou pour contourner nos conditions de travail n\u00e9goci\u00e9es collectivement.<\/p>\n\n\n\n<p>Les droits syndicaux, c&rsquo;est pour tout le monde et ceci peu importe d\u2019o\u00f9 on vient.<\/p>\n\n\n\n<p><strong>D\u00c9FENDRE LES TRAVAILLEURS. TOUS LES TRAVAILLEURS.<\/strong><\/p>\n\n\n\n<p>Dans un monde de plus en plus instable, o\u00f9 les certitudes \u00e9conomiques et nos politiques publiques sont attaqu\u00e9es, le Qu\u00e9bec aura besoin bien plus de solidarit\u00e9 que de division.<\/p>\n\n\n\n<p>Parce que la vraie question, au bout du compte, ce n&rsquo;est pas simplement plus ou moins d&rsquo;immigration.<\/p>\n\n\n\n<p>La question serait plut\u00f4t de choisir le genre de soci\u00e9t\u00e9 que l\u2019on on veut b\u00e2tir.<\/p>\n\n\n\n<p>Et dans quel \u00e9tat veut-on offrir le r\u00e9seau de la sant\u00e9 \u00e0 celles et ceux qui le portent \u00e0 bout de bras chaque jour?<\/p>\n\n\n\n<p>L\u00e0-dessus, le mouvement syndical n&rsquo;a jamais gard\u00e9 le silence.<\/p>\n\n\n\n<p>Et ce n&rsquo;est pas aujourd&rsquo;hui qu&rsquo;il va commencer.<\/p>\n\n\n\n<p>Cr\u00e9dit photo: LaPresse<\/p>\n","protected":false},"excerpt":{"rendered":"<p>Le 19 novembre dernier, le gouvernement du Qu\u00e9bec a unilat\u00e9ralement aboli le Programme de l&rsquo;exp\u00e9rience qu\u00e9b\u00e9coise (PEQ), le rempla\u00e7ant par le Programme de s\u00e9lection des travailleurs qualifi\u00e9s (PSTQ). Cette d\u00e9cision soudaine et pr\u00e9cipit\u00e9e soul\u00e8ve une vague d&rsquo;indignation l\u00e9gitime, puisque des milliers de travailleuses et travailleurs temporaires ainsi que d&rsquo;\u00e9tudiantes et \u00e9tudiants \u00e9trangers qui aspirent \u00e0 la r\u00e9sidence permanente se retrouvent aujourd&rsquo;hui dans une situation d&rsquo;incertitude inacceptable. Nos membres, nos coll\u00e8gues, nos communaut\u00e9s, personne ne peut rester les bras crois\u00e9s face \u00e0 de telles r\u00e9percussions. Dans le r\u00e9seau de la sant\u00e9, le d\u00e9bat sur l&rsquo;immigration n&rsquo;est pas une question abstraite. C&rsquo;est une question au quotidien et de survie, qui touche les \u00e9quipes de soins, des coll\u00e8gues surcharg\u00e9s, et du syst\u00e8me lui-m\u00eame. Mais pourquoi les syndicats ont le devoir d&rsquo;intervenir ? UN R\u00c9SEAU D\u00c9J\u00c0 \u00c0 BOUT DE SOUFFLE Personne dans le r\u00e9seau n&rsquo;a besoin de statistiques pour comprendre la situation. On le vit et on le ressent chaque jour. Le manque de personnel est devenu une \u00ab&nbsp;maladie chronique&nbsp;\u00bb. La surcharge, c&rsquo;est le quotidien, les arr\u00eats de travail pour invalidit\u00e9 explosent, et les \u00e9quipes doivent constamment faire plus avec moins, et trop souvent avec beaucoup moins. L\u2019ABSENT\u00c9ISME EN CHIFFRES Le rapport publi\u00e9 sur le tableau de bord du minist\u00e8re de la Sant\u00e9 et des Services sociaux, en date du 27 d\u00e9cembre 2025, indique que 26 964 employ\u00e9s du r\u00e9seau sont en arr\u00eat de travail pour invalidit\u00e9 (CNESST ou autres). Ce taux mesure la proportion d&rsquo;heures r\u00e9mun\u00e9r\u00e9es en assurance salaire et en indemnisation CNESST. Mais un taux d&rsquo;invalidit\u00e9 du personnel de la sant\u00e9 qui atteint 7,8%, avec une explosion de 10 % en un an, soit son niveau le plus \u00e9lev\u00e9 depuis le d\u00e9but de la pand\u00e9mie. En extrapolant \u00e0 partir d\u2019un salaire moyen annuel de 68 000 $, cela repr\u00e9sente plus de 1,8 milliard de dollars en co\u00fbts li\u00e9s \u00e0 ce niveau \u00e9lev\u00e9 d\u2019arr\u00eats de travail pour invalidit\u00e9\u2026. 1.8 milliard de dollars ! Ce probl\u00e8me est un probl\u00e8me syst\u00e9mique, point. Dans ce contexte, toutes les d\u00e9cisions qui touchent la disponibilit\u00e9 et la s\u00e9curit\u00e9 de la main-d&rsquo;\u0153uvre, incluant les politiques d&rsquo;immigration, concerne directement tous les travailleuses et les travailleurs du r\u00e9seau, ayant un impact direct sur les patients. C&rsquo;est l\u00e0 que le Programme de l&rsquo;exp\u00e9rience qu\u00e9b\u00e9coise (PEQ) prend tout son sens. Ce programme permet, ou permettait, \u00e0 des gens qui travaillent ici, qui paient des imp\u00f4ts ici, et qui vivent dans nos communaut\u00e9s, d&rsquo;obtenir leur r\u00e9sidence permanente apr\u00e8s quelques ann\u00e9es d&rsquo;exp\u00e9rience au Qu\u00e9bec. Ce ne sont pas des \u00e9trangers qui arrivent de nulle part. Ce sont souvent des coll\u00e8gues, des voisins, mais aussi des techniciens, des pr\u00e9pos\u00e9s, des professionnels de laboratoire, du personnel de logistique m\u00e9dicale, de production pharmaceutique. Ce sont des gens que l&rsquo;on c\u00f4toie au quotidien et sur lesquels le r\u00e9seau s&rsquo;appuie pour fonctionner et supporter les travailleuses et les travailleurs d\u00e9j\u00e0 en place. Sans le PEQ, plusieurs de ces personnes se retrouvent forc\u00e9es de quitter le Qu\u00e9bec, alors qu&rsquo;on peine d\u00e9j\u00e0 \u00e0 recruter. Ce n&rsquo;est pas juste une perte pour eux. C&rsquo;est une perte pour notre soci\u00e9t\u00e9. On a trop souvent tendance \u00e0 parler d&rsquo;immigration en terme \u00e9conomique comme d&rsquo;un dossier administratif, voire comptable. Combien de personnes entrent, combien de personnes sortent, dans quels secteurs, selon quels crit\u00e8res, etc&#8230; Si le Qu\u00e9bec veut maintenir sa capacit\u00e9 \u00e0 produire des m\u00e9dicaments, \u00e0 soutenir ses technologies m\u00e9dicales, \u00e0 prendre soin de nos ain\u00e9s et de nos enfants, \u00e0 maintenir son syst\u00e8me de sant\u00e9, il a besoin d&rsquo;une main-d&rsquo;\u0153uvre stable et l&rsquo;immigration fait partie de cette \u00e9quation. Qu&rsquo;on le veuille ou non. Alors pourquoi les organisations syndicales prennent position sur ce dossier ? Certains vont diront que l&rsquo;immigration, c&rsquo;est l&rsquo;affaire du gouvernement, et pas la leur. Faux. C\u2019est l\u2019affaire de tous et de toutes. Chaque fois que des politiques publiques ont eu un impact direct sur le monde du travail comme les salaires, les conditions de travail, la s\u00e9curit\u00e9 d&#8217;emploi, les syndicats ont non seulement eu raison d\u2019intervenir mais ils en avaient et encore aujourd\u2019hui en ont le devoir. L&rsquo;immigration \u00e9conomique, touche nos milieux de travail, influence la stabilit\u00e9 de nos \u00e9quipes et par cons\u00e9quent touche la qualit\u00e9 des soins que notre r\u00e9seau est capable d&rsquo;offrir. Ne nous voilons pas la face, l&rsquo;immigration ne doit jamais devenir un pr\u00e9texte pour pr\u00e9cariser des travailleuses et des travailleurs, ou pour contourner nos conditions de travail n\u00e9goci\u00e9es collectivement. Les droits syndicaux, c&rsquo;est pour tout le monde et ceci peu importe d\u2019o\u00f9 on vient. D\u00c9FENDRE LES TRAVAILLEURS. TOUS LES TRAVAILLEURS. Dans un monde de plus en plus instable, o\u00f9 les certitudes \u00e9conomiques et nos politiques publiques sont attaqu\u00e9es, le Qu\u00e9bec aura besoin bien plus de solidarit\u00e9 que de division. Parce que la vraie question, au bout du compte, ce n&rsquo;est pas simplement plus ou moins d&rsquo;immigration. La question serait plut\u00f4t de choisir le genre de soci\u00e9t\u00e9 que l\u2019on on veut b\u00e2tir. Et dans quel \u00e9tat veut-on offrir le r\u00e9seau de la sant\u00e9 \u00e0 celles et ceux qui le portent \u00e0 bout de bras chaque jour? L\u00e0-dessus, le mouvement syndical n&rsquo;a jamais gard\u00e9 le silence. Et ce n&rsquo;est pas aujourd&rsquo;hui qu&rsquo;il va commencer. Cr\u00e9dit photo: LaPresse<\/p>\n","protected":false},"author":1,"featured_media":7169,"comment_status":"open","ping_status":"open","sticky":false,"template":"","format":"standard","meta":{"_eb_attr":"","_jetpack_memberships_contains_paid_content":false,"footnotes":""},"categories":[1],"tags":[],"class_list":["post-7168","post","type-post","status-publish","format-standard","has-post-thumbnail","hentry","category-non-classe"],"yoast_head":"<!-- This site is optimized with the Yoast SEO Premium plugin v27.4 (Yoast SEO v27.4) - https:\/\/yoast.com\/product\/yoast-seo-premium-wordpress\/ -->\n<title>Immigration \u00e9conomique, PEQ et r\u00e9seau de la sant\u00e9 : une question qui nous touche tous - Conseil provincial des affaires sociales<\/title>\n<meta name=\"robots\" content=\"index, follow, max-snippet:-1, max-image-preview:large, max-video-preview:-1\" \/>\n<link rel=\"canonical\" href=\"https:\/\/cpas.scfp.qc.ca\/?p=7168\" \/>\n<meta property=\"og:locale\" content=\"fr_FR\" \/>\n<meta property=\"og:type\" content=\"article\" \/>\n<meta property=\"og:title\" content=\"Immigration \u00e9conomique, PEQ et r\u00e9seau de la sant\u00e9 : une question qui nous touche tous\" \/>\n<meta property=\"og:description\" content=\"Le 19 novembre dernier, le gouvernement du Qu\u00e9bec a unilat\u00e9ralement aboli le Programme de l&rsquo;exp\u00e9rience qu\u00e9b\u00e9coise (PEQ), le rempla\u00e7ant par le Programme de s\u00e9lection des travailleurs qualifi\u00e9s (PSTQ). Cette d\u00e9cision soudaine et pr\u00e9cipit\u00e9e soul\u00e8ve une vague d&rsquo;indignation l\u00e9gitime, puisque des milliers de travailleuses et travailleurs temporaires ainsi que d&rsquo;\u00e9tudiantes et \u00e9tudiants \u00e9trangers qui aspirent \u00e0 la r\u00e9sidence permanente se retrouvent aujourd&rsquo;hui dans une situation d&rsquo;incertitude inacceptable. Nos membres, nos coll\u00e8gues, nos communaut\u00e9s, personne ne peut rester les bras crois\u00e9s face \u00e0 de telles r\u00e9percussions. Dans le r\u00e9seau de la sant\u00e9, le d\u00e9bat sur l&rsquo;immigration n&rsquo;est pas une question abstraite. C&rsquo;est une question au quotidien et de survie, qui touche les \u00e9quipes de soins, des coll\u00e8gues surcharg\u00e9s, et du syst\u00e8me lui-m\u00eame. Mais pourquoi les syndicats ont le devoir d&rsquo;intervenir ? UN R\u00c9SEAU D\u00c9J\u00c0 \u00c0 BOUT DE SOUFFLE Personne dans le r\u00e9seau n&rsquo;a besoin de statistiques pour comprendre la situation. On le vit et on le ressent chaque jour. Le manque de personnel est devenu une \u00ab&nbsp;maladie chronique&nbsp;\u00bb. La surcharge, c&rsquo;est le quotidien, les arr\u00eats de travail pour invalidit\u00e9 explosent, et les \u00e9quipes doivent constamment faire plus avec moins, et trop souvent avec beaucoup moins. L\u2019ABSENT\u00c9ISME EN CHIFFRES Le rapport publi\u00e9 sur le tableau de bord du minist\u00e8re de la Sant\u00e9 et des Services sociaux, en date du 27 d\u00e9cembre 2025, indique que 26 964 employ\u00e9s du r\u00e9seau sont en arr\u00eat de travail pour invalidit\u00e9 (CNESST ou autres). Ce taux mesure la proportion d&rsquo;heures r\u00e9mun\u00e9r\u00e9es en assurance salaire et en indemnisation CNESST. Mais un taux d&rsquo;invalidit\u00e9 du personnel de la sant\u00e9 qui atteint 7,8%, avec une explosion de 10 % en un an, soit son niveau le plus \u00e9lev\u00e9 depuis le d\u00e9but de la pand\u00e9mie. En extrapolant \u00e0 partir d\u2019un salaire moyen annuel de 68 000 $, cela repr\u00e9sente plus de 1,8 milliard de dollars en co\u00fbts li\u00e9s \u00e0 ce niveau \u00e9lev\u00e9 d\u2019arr\u00eats de travail pour invalidit\u00e9\u2026. 1.8 milliard de dollars ! Ce probl\u00e8me est un probl\u00e8me syst\u00e9mique, point. Dans ce contexte, toutes les d\u00e9cisions qui touchent la disponibilit\u00e9 et la s\u00e9curit\u00e9 de la main-d&rsquo;\u0153uvre, incluant les politiques d&rsquo;immigration, concerne directement tous les travailleuses et les travailleurs du r\u00e9seau, ayant un impact direct sur les patients. C&rsquo;est l\u00e0 que le Programme de l&rsquo;exp\u00e9rience qu\u00e9b\u00e9coise (PEQ) prend tout son sens. Ce programme permet, ou permettait, \u00e0 des gens qui travaillent ici, qui paient des imp\u00f4ts ici, et qui vivent dans nos communaut\u00e9s, d&rsquo;obtenir leur r\u00e9sidence permanente apr\u00e8s quelques ann\u00e9es d&rsquo;exp\u00e9rience au Qu\u00e9bec. Ce ne sont pas des \u00e9trangers qui arrivent de nulle part. Ce sont souvent des coll\u00e8gues, des voisins, mais aussi des techniciens, des pr\u00e9pos\u00e9s, des professionnels de laboratoire, du personnel de logistique m\u00e9dicale, de production pharmaceutique. Ce sont des gens que l&rsquo;on c\u00f4toie au quotidien et sur lesquels le r\u00e9seau s&rsquo;appuie pour fonctionner et supporter les travailleuses et les travailleurs d\u00e9j\u00e0 en place. Sans le PEQ, plusieurs de ces personnes se retrouvent forc\u00e9es de quitter le Qu\u00e9bec, alors qu&rsquo;on peine d\u00e9j\u00e0 \u00e0 recruter. Ce n&rsquo;est pas juste une perte pour eux. C&rsquo;est une perte pour notre soci\u00e9t\u00e9. On a trop souvent tendance \u00e0 parler d&rsquo;immigration en terme \u00e9conomique comme d&rsquo;un dossier administratif, voire comptable. Combien de personnes entrent, combien de personnes sortent, dans quels secteurs, selon quels crit\u00e8res, etc&#8230; Si le Qu\u00e9bec veut maintenir sa capacit\u00e9 \u00e0 produire des m\u00e9dicaments, \u00e0 soutenir ses technologies m\u00e9dicales, \u00e0 prendre soin de nos ain\u00e9s et de nos enfants, \u00e0 maintenir son syst\u00e8me de sant\u00e9, il a besoin d&rsquo;une main-d&rsquo;\u0153uvre stable et l&rsquo;immigration fait partie de cette \u00e9quation. Qu&rsquo;on le veuille ou non. Alors pourquoi les organisations syndicales prennent position sur ce dossier ? Certains vont diront que l&rsquo;immigration, c&rsquo;est l&rsquo;affaire du gouvernement, et pas la leur. Faux. C\u2019est l\u2019affaire de tous et de toutes. Chaque fois que des politiques publiques ont eu un impact direct sur le monde du travail comme les salaires, les conditions de travail, la s\u00e9curit\u00e9 d&#8217;emploi, les syndicats ont non seulement eu raison d\u2019intervenir mais ils en avaient et encore aujourd\u2019hui en ont le devoir. L&rsquo;immigration \u00e9conomique, touche nos milieux de travail, influence la stabilit\u00e9 de nos \u00e9quipes et par cons\u00e9quent touche la qualit\u00e9 des soins que notre r\u00e9seau est capable d&rsquo;offrir. Ne nous voilons pas la face, l&rsquo;immigration ne doit jamais devenir un pr\u00e9texte pour pr\u00e9cariser des travailleuses et des travailleurs, ou pour contourner nos conditions de travail n\u00e9goci\u00e9es collectivement. Les droits syndicaux, c&rsquo;est pour tout le monde et ceci peu importe d\u2019o\u00f9 on vient. D\u00c9FENDRE LES TRAVAILLEURS. TOUS LES TRAVAILLEURS. Dans un monde de plus en plus instable, o\u00f9 les certitudes \u00e9conomiques et nos politiques publiques sont attaqu\u00e9es, le Qu\u00e9bec aura besoin bien plus de solidarit\u00e9 que de division. Parce que la vraie question, au bout du compte, ce n&rsquo;est pas simplement plus ou moins d&rsquo;immigration. La question serait plut\u00f4t de choisir le genre de soci\u00e9t\u00e9 que l\u2019on on veut b\u00e2tir. Et dans quel \u00e9tat veut-on offrir le r\u00e9seau de la sant\u00e9 \u00e0 celles et ceux qui le portent \u00e0 bout de bras chaque jour? L\u00e0-dessus, le mouvement syndical n&rsquo;a jamais gard\u00e9 le silence. Et ce n&rsquo;est pas aujourd&rsquo;hui qu&rsquo;il va commencer. Cr\u00e9dit photo: LaPresse\" \/>\n<meta property=\"og:url\" content=\"https:\/\/cpas.scfp.qc.ca\/?p=7168\" \/>\n<meta property=\"og:site_name\" content=\"Conseil provincial des affaires sociales\" \/>\n<meta property=\"article:publisher\" content=\"https:\/\/www.facebook.com\/cpas.scfp\" \/>\n<meta property=\"article:author\" content=\"https:\/\/www.facebook.com\/cpas.scfp\" \/>\n<meta property=\"article:published_time\" content=\"2026-04-27T15:18:32+00:00\" \/>\n<meta property=\"article:modified_time\" content=\"2026-04-27T15:18:34+00:00\" \/>\n<meta property=\"og:image\" content=\"https:\/\/cpas.scfp.qc.ca\/wp-content\/uploads\/2026\/04\/4901dcc384a032d295b4eb891d2d4342.jpg\" \/>\n\t<meta property=\"og:image:width\" content=\"924\" \/>\n\t<meta property=\"og:image:height\" content=\"616\" \/>\n\t<meta property=\"og:image:type\" content=\"image\/jpeg\" \/>\n<meta name=\"author\" content=\"admin5012\" \/>\n<meta name=\"twitter:card\" content=\"summary_large_image\" \/>\n<meta name=\"twitter:creator\" content=\"@RechercheCPAS\" \/>\n<meta name=\"twitter:site\" content=\"@RechercheCPAS\" \/>\n<meta name=\"twitter:label1\" content=\"\u00c9crit par\" \/>\n\t<meta name=\"twitter:data1\" content=\"admin5012\" \/>\n\t<meta name=\"twitter:label2\" content=\"Dur\u00e9e de lecture estim\u00e9e\" \/>\n\t<meta name=\"twitter:data2\" content=\"5 minutes\" \/>\n<script type=\"application\/ld+json\" class=\"yoast-schema-graph\">{\"@context\":\"https:\\\/\\\/schema.org\",\"@graph\":[{\"@type\":\"Article\",\"@id\":\"https:\\\/\\\/cpas.scfp.qc.ca\\\/?p=7168#article\",\"isPartOf\":{\"@id\":\"https:\\\/\\\/cpas.scfp.qc.ca\\\/?p=7168\"},\"author\":{\"name\":\"admin5012\",\"@id\":\"https:\\\/\\\/cpas.scfp.qc.ca\\\/#\\\/schema\\\/person\\\/9c98e2b429ea0566a874567941e1eaaa\"},\"headline\":\"Immigration \u00e9conomique, PEQ et r\u00e9seau de la sant\u00e9 : une question qui nous touche tous\",\"datePublished\":\"2026-04-27T15:18:32+00:00\",\"dateModified\":\"2026-04-27T15:18:34+00:00\",\"mainEntityOfPage\":{\"@id\":\"https:\\\/\\\/cpas.scfp.qc.ca\\\/?p=7168\"},\"wordCount\":979,\"commentCount\":0,\"publisher\":{\"@id\":\"https:\\\/\\\/cpas.scfp.qc.ca\\\/#organization\"},\"image\":{\"@id\":\"https:\\\/\\\/cpas.scfp.qc.ca\\\/?p=7168#primaryimage\"},\"thumbnailUrl\":\"https:\\\/\\\/cpas.scfp.qc.ca\\\/wp-content\\\/uploads\\\/2026\\\/04\\\/4901dcc384a032d295b4eb891d2d4342.jpg\",\"inLanguage\":\"fr-FR\",\"potentialAction\":[{\"@type\":\"CommentAction\",\"name\":\"Comment\",\"target\":[\"https:\\\/\\\/cpas.scfp.qc.ca\\\/?p=7168#respond\"]}]},{\"@type\":\"WebPage\",\"@id\":\"https:\\\/\\\/cpas.scfp.qc.ca\\\/?p=7168\",\"url\":\"https:\\\/\\\/cpas.scfp.qc.ca\\\/?p=7168\",\"name\":\"Immigration \u00e9conomique, PEQ et r\u00e9seau de la sant\u00e9 : une question qui nous touche tous - Conseil provincial des affaires sociales\",\"isPartOf\":{\"@id\":\"https:\\\/\\\/cpas.scfp.qc.ca\\\/#website\"},\"primaryImageOfPage\":{\"@id\":\"https:\\\/\\\/cpas.scfp.qc.ca\\\/?p=7168#primaryimage\"},\"image\":{\"@id\":\"https:\\\/\\\/cpas.scfp.qc.ca\\\/?p=7168#primaryimage\"},\"thumbnailUrl\":\"https:\\\/\\\/cpas.scfp.qc.ca\\\/wp-content\\\/uploads\\\/2026\\\/04\\\/4901dcc384a032d295b4eb891d2d4342.jpg\",\"datePublished\":\"2026-04-27T15:18:32+00:00\",\"dateModified\":\"2026-04-27T15:18:34+00:00\",\"breadcrumb\":{\"@id\":\"https:\\\/\\\/cpas.scfp.qc.ca\\\/?p=7168#breadcrumb\"},\"inLanguage\":\"fr-FR\",\"potentialAction\":[{\"@type\":\"ReadAction\",\"target\":[\"https:\\\/\\\/cpas.scfp.qc.ca\\\/?p=7168\"]}]},{\"@type\":\"ImageObject\",\"inLanguage\":\"fr-FR\",\"@id\":\"https:\\\/\\\/cpas.scfp.qc.ca\\\/?p=7168#primaryimage\",\"url\":\"https:\\\/\\\/cpas.scfp.qc.ca\\\/wp-content\\\/uploads\\\/2026\\\/04\\\/4901dcc384a032d295b4eb891d2d4342.jpg\",\"contentUrl\":\"https:\\\/\\\/cpas.scfp.qc.ca\\\/wp-content\\\/uploads\\\/2026\\\/04\\\/4901dcc384a032d295b4eb891d2d4342.jpg\",\"width\":924,\"height\":616},{\"@type\":\"BreadcrumbList\",\"@id\":\"https:\\\/\\\/cpas.scfp.qc.ca\\\/?p=7168#breadcrumb\",\"itemListElement\":[{\"@type\":\"ListItem\",\"position\":1,\"name\":\"Accueil\",\"item\":\"https:\\\/\\\/cpas.scfp.qc.ca\\\/\"},{\"@type\":\"ListItem\",\"position\":2,\"name\":\"Immigration \u00e9conomique, PEQ et r\u00e9seau de la sant\u00e9 : une question qui nous touche tous\"}]},{\"@type\":\"WebSite\",\"@id\":\"https:\\\/\\\/cpas.scfp.qc.ca\\\/#website\",\"url\":\"https:\\\/\\\/cpas.scfp.qc.ca\\\/\",\"name\":\"Conseil provincial des affaires sociales\",\"description\":\"Du m\u00e9tier et du c\u0153ur\",\"publisher\":{\"@id\":\"https:\\\/\\\/cpas.scfp.qc.ca\\\/#organization\"},\"alternateName\":\"CPAS\",\"potentialAction\":[{\"@type\":\"SearchAction\",\"target\":{\"@type\":\"EntryPoint\",\"urlTemplate\":\"https:\\\/\\\/cpas.scfp.qc.ca\\\/?s={search_term_string}\"},\"query-input\":{\"@type\":\"PropertyValueSpecification\",\"valueRequired\":true,\"valueName\":\"search_term_string\"}}],\"inLanguage\":\"fr-FR\"},{\"@type\":\"Organization\",\"@id\":\"https:\\\/\\\/cpas.scfp.qc.ca\\\/#organization\",\"name\":\"Conseil provincial des affaires sociales\",\"alternateName\":\"CPAS\",\"url\":\"https:\\\/\\\/cpas.scfp.qc.ca\\\/\",\"logo\":{\"@type\":\"ImageObject\",\"inLanguage\":\"fr-FR\",\"@id\":\"https:\\\/\\\/cpas.scfp.qc.ca\\\/#\\\/schema\\\/logo\\\/image\\\/\",\"url\":\"https:\\\/\\\/cpas.scfp.qc.ca\\\/wp-content\\\/uploads\\\/2023\\\/12\\\/logo_cpas_horizontalsignature_rgb.png\",\"contentUrl\":\"https:\\\/\\\/cpas.scfp.qc.ca\\\/wp-content\\\/uploads\\\/2023\\\/12\\\/logo_cpas_horizontalsignature_rgb.png\",\"width\":1980,\"height\":1980,\"caption\":\"Conseil provincial des affaires sociales\"},\"image\":{\"@id\":\"https:\\\/\\\/cpas.scfp.qc.ca\\\/#\\\/schema\\\/logo\\\/image\\\/\"},\"sameAs\":[\"https:\\\/\\\/www.facebook.com\\\/cpas.scfp\",\"https:\\\/\\\/x.com\\\/RechercheCPAS\",\"https:\\\/\\\/www.instagram.com\\\/cpas_scfp\\\/\",\"https:\\\/\\\/www.linkedin.com\\\/company\\\/100101794\\\/admin\\\/feed\\\/posts\\\/\",\"https:\\\/\\\/www.threads.com\\\/@cpas_scfp\",\"https:\\\/\\\/bsky.app\\\/profile\\\/cpas-scfp.bsky.social\",\"https:\\\/\\\/www.tiktok.com\\\/@cpasscfp\"],\"description\":\"Le Conseil provincial des affaires sociales (CPAS) rassemble plus de 35 000 travailleuses et travailleurs du secteur de la sant\u00e9 et des services sociaux syndiqu\u00e9s aupr\u00e8s du Syndicat canadien de la fonction publique (SCFP).\",\"email\":\"info@scfpcpas.ca\",\"telephone\":\"4384766448\",\"legalName\":\"Conseil provincial des affaires sociales\"},{\"@type\":\"Person\",\"@id\":\"https:\\\/\\\/cpas.scfp.qc.ca\\\/#\\\/schema\\\/person\\\/9c98e2b429ea0566a874567941e1eaaa\",\"name\":\"admin5012\",\"image\":{\"@type\":\"ImageObject\",\"inLanguage\":\"fr-FR\",\"@id\":\"https:\\\/\\\/secure.gravatar.com\\\/avatar\\\/154f1b3fbe53a30b002268b4770a132b86e7bb353da871dbaf3a1b240317a4c3?s=96&d=mm&r=g\",\"url\":\"https:\\\/\\\/secure.gravatar.com\\\/avatar\\\/154f1b3fbe53a30b002268b4770a132b86e7bb353da871dbaf3a1b240317a4c3?s=96&d=mm&r=g\",\"contentUrl\":\"https:\\\/\\\/secure.gravatar.com\\\/avatar\\\/154f1b3fbe53a30b002268b4770a132b86e7bb353da871dbaf3a1b240317a4c3?s=96&d=mm&r=g\",\"caption\":\"admin5012\"},\"sameAs\":[\"http:\\\/\\\/cpas.scfp.qc.ca\",\"https:\\\/\\\/www.facebook.com\\\/cpas.scfp\",\"https:\\\/\\\/www.instagram.com\\\/cpas_scfp\\\/\",\"https:\\\/\\\/www.linkedin.com\\\/company\\\/conseil-provincial-des-affaires-sociales-cpas-scfp-cupe\\\/?viewAsMember=true\",\"https:\\\/\\\/x.com\\\/RechercheCPAS\"],\"url\":\"https:\\\/\\\/cpas.scfp.qc.ca\\\/?author=1\"}]}<\/script>\n<!-- \/ Yoast SEO Premium plugin. -->","yoast_head_json":{"title":"Immigration \u00e9conomique, PEQ et r\u00e9seau de la sant\u00e9 : une question qui nous touche tous - Conseil provincial des affaires sociales","robots":{"index":"index","follow":"follow","max-snippet":"max-snippet:-1","max-image-preview":"max-image-preview:large","max-video-preview":"max-video-preview:-1"},"canonical":"https:\/\/cpas.scfp.qc.ca\/?p=7168","og_locale":"fr_FR","og_type":"article","og_title":"Immigration \u00e9conomique, PEQ et r\u00e9seau de la sant\u00e9 : une question qui nous touche tous","og_description":"Le 19 novembre dernier, le gouvernement du Qu\u00e9bec a unilat\u00e9ralement aboli le Programme de l&rsquo;exp\u00e9rience qu\u00e9b\u00e9coise (PEQ), le rempla\u00e7ant par le Programme de s\u00e9lection des travailleurs qualifi\u00e9s (PSTQ). Cette d\u00e9cision soudaine et pr\u00e9cipit\u00e9e soul\u00e8ve une vague d&rsquo;indignation l\u00e9gitime, puisque des milliers de travailleuses et travailleurs temporaires ainsi que d&rsquo;\u00e9tudiantes et \u00e9tudiants \u00e9trangers qui aspirent \u00e0 la r\u00e9sidence permanente se retrouvent aujourd&rsquo;hui dans une situation d&rsquo;incertitude inacceptable. Nos membres, nos coll\u00e8gues, nos communaut\u00e9s, personne ne peut rester les bras crois\u00e9s face \u00e0 de telles r\u00e9percussions. Dans le r\u00e9seau de la sant\u00e9, le d\u00e9bat sur l&rsquo;immigration n&rsquo;est pas une question abstraite. C&rsquo;est une question au quotidien et de survie, qui touche les \u00e9quipes de soins, des coll\u00e8gues surcharg\u00e9s, et du syst\u00e8me lui-m\u00eame. Mais pourquoi les syndicats ont le devoir d&rsquo;intervenir ? UN R\u00c9SEAU D\u00c9J\u00c0 \u00c0 BOUT DE SOUFFLE Personne dans le r\u00e9seau n&rsquo;a besoin de statistiques pour comprendre la situation. On le vit et on le ressent chaque jour. Le manque de personnel est devenu une \u00ab&nbsp;maladie chronique&nbsp;\u00bb. La surcharge, c&rsquo;est le quotidien, les arr\u00eats de travail pour invalidit\u00e9 explosent, et les \u00e9quipes doivent constamment faire plus avec moins, et trop souvent avec beaucoup moins. L\u2019ABSENT\u00c9ISME EN CHIFFRES Le rapport publi\u00e9 sur le tableau de bord du minist\u00e8re de la Sant\u00e9 et des Services sociaux, en date du 27 d\u00e9cembre 2025, indique que 26 964 employ\u00e9s du r\u00e9seau sont en arr\u00eat de travail pour invalidit\u00e9 (CNESST ou autres). Ce taux mesure la proportion d&rsquo;heures r\u00e9mun\u00e9r\u00e9es en assurance salaire et en indemnisation CNESST. Mais un taux d&rsquo;invalidit\u00e9 du personnel de la sant\u00e9 qui atteint 7,8%, avec une explosion de 10 % en un an, soit son niveau le plus \u00e9lev\u00e9 depuis le d\u00e9but de la pand\u00e9mie. En extrapolant \u00e0 partir d\u2019un salaire moyen annuel de 68 000 $, cela repr\u00e9sente plus de 1,8 milliard de dollars en co\u00fbts li\u00e9s \u00e0 ce niveau \u00e9lev\u00e9 d\u2019arr\u00eats de travail pour invalidit\u00e9\u2026. 1.8 milliard de dollars ! Ce probl\u00e8me est un probl\u00e8me syst\u00e9mique, point. Dans ce contexte, toutes les d\u00e9cisions qui touchent la disponibilit\u00e9 et la s\u00e9curit\u00e9 de la main-d&rsquo;\u0153uvre, incluant les politiques d&rsquo;immigration, concerne directement tous les travailleuses et les travailleurs du r\u00e9seau, ayant un impact direct sur les patients. C&rsquo;est l\u00e0 que le Programme de l&rsquo;exp\u00e9rience qu\u00e9b\u00e9coise (PEQ) prend tout son sens. Ce programme permet, ou permettait, \u00e0 des gens qui travaillent ici, qui paient des imp\u00f4ts ici, et qui vivent dans nos communaut\u00e9s, d&rsquo;obtenir leur r\u00e9sidence permanente apr\u00e8s quelques ann\u00e9es d&rsquo;exp\u00e9rience au Qu\u00e9bec. Ce ne sont pas des \u00e9trangers qui arrivent de nulle part. Ce sont souvent des coll\u00e8gues, des voisins, mais aussi des techniciens, des pr\u00e9pos\u00e9s, des professionnels de laboratoire, du personnel de logistique m\u00e9dicale, de production pharmaceutique. Ce sont des gens que l&rsquo;on c\u00f4toie au quotidien et sur lesquels le r\u00e9seau s&rsquo;appuie pour fonctionner et supporter les travailleuses et les travailleurs d\u00e9j\u00e0 en place. Sans le PEQ, plusieurs de ces personnes se retrouvent forc\u00e9es de quitter le Qu\u00e9bec, alors qu&rsquo;on peine d\u00e9j\u00e0 \u00e0 recruter. Ce n&rsquo;est pas juste une perte pour eux. C&rsquo;est une perte pour notre soci\u00e9t\u00e9. On a trop souvent tendance \u00e0 parler d&rsquo;immigration en terme \u00e9conomique comme d&rsquo;un dossier administratif, voire comptable. Combien de personnes entrent, combien de personnes sortent, dans quels secteurs, selon quels crit\u00e8res, etc&#8230; Si le Qu\u00e9bec veut maintenir sa capacit\u00e9 \u00e0 produire des m\u00e9dicaments, \u00e0 soutenir ses technologies m\u00e9dicales, \u00e0 prendre soin de nos ain\u00e9s et de nos enfants, \u00e0 maintenir son syst\u00e8me de sant\u00e9, il a besoin d&rsquo;une main-d&rsquo;\u0153uvre stable et l&rsquo;immigration fait partie de cette \u00e9quation. Qu&rsquo;on le veuille ou non. Alors pourquoi les organisations syndicales prennent position sur ce dossier ? Certains vont diront que l&rsquo;immigration, c&rsquo;est l&rsquo;affaire du gouvernement, et pas la leur. Faux. C\u2019est l\u2019affaire de tous et de toutes. Chaque fois que des politiques publiques ont eu un impact direct sur le monde du travail comme les salaires, les conditions de travail, la s\u00e9curit\u00e9 d&#8217;emploi, les syndicats ont non seulement eu raison d\u2019intervenir mais ils en avaient et encore aujourd\u2019hui en ont le devoir. L&rsquo;immigration \u00e9conomique, touche nos milieux de travail, influence la stabilit\u00e9 de nos \u00e9quipes et par cons\u00e9quent touche la qualit\u00e9 des soins que notre r\u00e9seau est capable d&rsquo;offrir. Ne nous voilons pas la face, l&rsquo;immigration ne doit jamais devenir un pr\u00e9texte pour pr\u00e9cariser des travailleuses et des travailleurs, ou pour contourner nos conditions de travail n\u00e9goci\u00e9es collectivement. Les droits syndicaux, c&rsquo;est pour tout le monde et ceci peu importe d\u2019o\u00f9 on vient. D\u00c9FENDRE LES TRAVAILLEURS. TOUS LES TRAVAILLEURS. Dans un monde de plus en plus instable, o\u00f9 les certitudes \u00e9conomiques et nos politiques publiques sont attaqu\u00e9es, le Qu\u00e9bec aura besoin bien plus de solidarit\u00e9 que de division. Parce que la vraie question, au bout du compte, ce n&rsquo;est pas simplement plus ou moins d&rsquo;immigration. La question serait plut\u00f4t de choisir le genre de soci\u00e9t\u00e9 que l\u2019on on veut b\u00e2tir. Et dans quel \u00e9tat veut-on offrir le r\u00e9seau de la sant\u00e9 \u00e0 celles et ceux qui le portent \u00e0 bout de bras chaque jour? L\u00e0-dessus, le mouvement syndical n&rsquo;a jamais gard\u00e9 le silence. Et ce n&rsquo;est pas aujourd&rsquo;hui qu&rsquo;il va commencer. Cr\u00e9dit photo: LaPresse","og_url":"https:\/\/cpas.scfp.qc.ca\/?p=7168","og_site_name":"Conseil provincial des affaires sociales","article_publisher":"https:\/\/www.facebook.com\/cpas.scfp","article_author":"https:\/\/www.facebook.com\/cpas.scfp","article_published_time":"2026-04-27T15:18:32+00:00","article_modified_time":"2026-04-27T15:18:34+00:00","og_image":[{"width":924,"height":616,"url":"https:\/\/cpas.scfp.qc.ca\/wp-content\/uploads\/2026\/04\/4901dcc384a032d295b4eb891d2d4342.jpg","type":"image\/jpeg"}],"author":"admin5012","twitter_card":"summary_large_image","twitter_creator":"@RechercheCPAS","twitter_site":"@RechercheCPAS","twitter_misc":{"\u00c9crit par":"admin5012","Dur\u00e9e de lecture estim\u00e9e":"5 minutes"},"schema":{"@context":"https:\/\/schema.org","@graph":[{"@type":"Article","@id":"https:\/\/cpas.scfp.qc.ca\/?p=7168#article","isPartOf":{"@id":"https:\/\/cpas.scfp.qc.ca\/?p=7168"},"author":{"name":"admin5012","@id":"https:\/\/cpas.scfp.qc.ca\/#\/schema\/person\/9c98e2b429ea0566a874567941e1eaaa"},"headline":"Immigration \u00e9conomique, PEQ et r\u00e9seau de la sant\u00e9 : une question qui nous touche tous","datePublished":"2026-04-27T15:18:32+00:00","dateModified":"2026-04-27T15:18:34+00:00","mainEntityOfPage":{"@id":"https:\/\/cpas.scfp.qc.ca\/?p=7168"},"wordCount":979,"commentCount":0,"publisher":{"@id":"https:\/\/cpas.scfp.qc.ca\/#organization"},"image":{"@id":"https:\/\/cpas.scfp.qc.ca\/?p=7168#primaryimage"},"thumbnailUrl":"https:\/\/cpas.scfp.qc.ca\/wp-content\/uploads\/2026\/04\/4901dcc384a032d295b4eb891d2d4342.jpg","inLanguage":"fr-FR","potentialAction":[{"@type":"CommentAction","name":"Comment","target":["https:\/\/cpas.scfp.qc.ca\/?p=7168#respond"]}]},{"@type":"WebPage","@id":"https:\/\/cpas.scfp.qc.ca\/?p=7168","url":"https:\/\/cpas.scfp.qc.ca\/?p=7168","name":"Immigration \u00e9conomique, PEQ et r\u00e9seau de la sant\u00e9 : une question qui nous touche tous - Conseil provincial des affaires sociales","isPartOf":{"@id":"https:\/\/cpas.scfp.qc.ca\/#website"},"primaryImageOfPage":{"@id":"https:\/\/cpas.scfp.qc.ca\/?p=7168#primaryimage"},"image":{"@id":"https:\/\/cpas.scfp.qc.ca\/?p=7168#primaryimage"},"thumbnailUrl":"https:\/\/cpas.scfp.qc.ca\/wp-content\/uploads\/2026\/04\/4901dcc384a032d295b4eb891d2d4342.jpg","datePublished":"2026-04-27T15:18:32+00:00","dateModified":"2026-04-27T15:18:34+00:00","breadcrumb":{"@id":"https:\/\/cpas.scfp.qc.ca\/?p=7168#breadcrumb"},"inLanguage":"fr-FR","potentialAction":[{"@type":"ReadAction","target":["https:\/\/cpas.scfp.qc.ca\/?p=7168"]}]},{"@type":"ImageObject","inLanguage":"fr-FR","@id":"https:\/\/cpas.scfp.qc.ca\/?p=7168#primaryimage","url":"https:\/\/cpas.scfp.qc.ca\/wp-content\/uploads\/2026\/04\/4901dcc384a032d295b4eb891d2d4342.jpg","contentUrl":"https:\/\/cpas.scfp.qc.ca\/wp-content\/uploads\/2026\/04\/4901dcc384a032d295b4eb891d2d4342.jpg","width":924,"height":616},{"@type":"BreadcrumbList","@id":"https:\/\/cpas.scfp.qc.ca\/?p=7168#breadcrumb","itemListElement":[{"@type":"ListItem","position":1,"name":"Accueil","item":"https:\/\/cpas.scfp.qc.ca\/"},{"@type":"ListItem","position":2,"name":"Immigration \u00e9conomique, PEQ et r\u00e9seau de la sant\u00e9 : une question qui nous touche tous"}]},{"@type":"WebSite","@id":"https:\/\/cpas.scfp.qc.ca\/#website","url":"https:\/\/cpas.scfp.qc.ca\/","name":"Conseil provincial des affaires sociales","description":"Du m\u00e9tier et du c\u0153ur","publisher":{"@id":"https:\/\/cpas.scfp.qc.ca\/#organization"},"alternateName":"CPAS","potentialAction":[{"@type":"SearchAction","target":{"@type":"EntryPoint","urlTemplate":"https:\/\/cpas.scfp.qc.ca\/?s={search_term_string}"},"query-input":{"@type":"PropertyValueSpecification","valueRequired":true,"valueName":"search_term_string"}}],"inLanguage":"fr-FR"},{"@type":"Organization","@id":"https:\/\/cpas.scfp.qc.ca\/#organization","name":"Conseil provincial des affaires sociales","alternateName":"CPAS","url":"https:\/\/cpas.scfp.qc.ca\/","logo":{"@type":"ImageObject","inLanguage":"fr-FR","@id":"https:\/\/cpas.scfp.qc.ca\/#\/schema\/logo\/image\/","url":"https:\/\/cpas.scfp.qc.ca\/wp-content\/uploads\/2023\/12\/logo_cpas_horizontalsignature_rgb.png","contentUrl":"https:\/\/cpas.scfp.qc.ca\/wp-content\/uploads\/2023\/12\/logo_cpas_horizontalsignature_rgb.png","width":1980,"height":1980,"caption":"Conseil provincial des affaires sociales"},"image":{"@id":"https:\/\/cpas.scfp.qc.ca\/#\/schema\/logo\/image\/"},"sameAs":["https:\/\/www.facebook.com\/cpas.scfp","https:\/\/x.com\/RechercheCPAS","https:\/\/www.instagram.com\/cpas_scfp\/","https:\/\/www.linkedin.com\/company\/100101794\/admin\/feed\/posts\/","https:\/\/www.threads.com\/@cpas_scfp","https:\/\/bsky.app\/profile\/cpas-scfp.bsky.social","https:\/\/www.tiktok.com\/@cpasscfp"],"description":"Le Conseil provincial des affaires sociales (CPAS) rassemble plus de 35 000 travailleuses et travailleurs du secteur de la sant\u00e9 et des services sociaux syndiqu\u00e9s aupr\u00e8s du Syndicat canadien de la fonction publique (SCFP).","email":"info@scfpcpas.ca","telephone":"4384766448","legalName":"Conseil provincial des affaires sociales"},{"@type":"Person","@id":"https:\/\/cpas.scfp.qc.ca\/#\/schema\/person\/9c98e2b429ea0566a874567941e1eaaa","name":"admin5012","image":{"@type":"ImageObject","inLanguage":"fr-FR","@id":"https:\/\/secure.gravatar.com\/avatar\/154f1b3fbe53a30b002268b4770a132b86e7bb353da871dbaf3a1b240317a4c3?s=96&d=mm&r=g","url":"https:\/\/secure.gravatar.com\/avatar\/154f1b3fbe53a30b002268b4770a132b86e7bb353da871dbaf3a1b240317a4c3?s=96&d=mm&r=g","contentUrl":"https:\/\/secure.gravatar.com\/avatar\/154f1b3fbe53a30b002268b4770a132b86e7bb353da871dbaf3a1b240317a4c3?s=96&d=mm&r=g","caption":"admin5012"},"sameAs":["http:\/\/cpas.scfp.qc.ca","https:\/\/www.facebook.com\/cpas.scfp","https:\/\/www.instagram.com\/cpas_scfp\/","https:\/\/www.linkedin.com\/company\/conseil-provincial-des-affaires-sociales-cpas-scfp-cupe\/?viewAsMember=true","https:\/\/x.com\/RechercheCPAS"],"url":"https:\/\/cpas.scfp.qc.ca\/?author=1"}]}},"jetpack_featured_media_url":"https:\/\/cpas.scfp.qc.ca\/wp-content\/uploads\/2026\/04\/4901dcc384a032d295b4eb891d2d4342.jpg","jetpack_sharing_enabled":true,"_links":{"self":[{"href":"https:\/\/cpas.scfp.qc.ca\/index.php?rest_route=\/wp\/v2\/posts\/7168","targetHints":{"allow":["GET"]}}],"collection":[{"href":"https:\/\/cpas.scfp.qc.ca\/index.php?rest_route=\/wp\/v2\/posts"}],"about":[{"href":"https:\/\/cpas.scfp.qc.ca\/index.php?rest_route=\/wp\/v2\/types\/post"}],"author":[{"embeddable":true,"href":"https:\/\/cpas.scfp.qc.ca\/index.php?rest_route=\/wp\/v2\/users\/1"}],"replies":[{"embeddable":true,"href":"https:\/\/cpas.scfp.qc.ca\/index.php?rest_route=%2Fwp%2Fv2%2Fcomments&post=7168"}],"version-history":[{"count":1,"href":"https:\/\/cpas.scfp.qc.ca\/index.php?rest_route=\/wp\/v2\/posts\/7168\/revisions"}],"predecessor-version":[{"id":7170,"href":"https:\/\/cpas.scfp.qc.ca\/index.php?rest_route=\/wp\/v2\/posts\/7168\/revisions\/7170"}],"wp:featuredmedia":[{"embeddable":true,"href":"https:\/\/cpas.scfp.qc.ca\/index.php?rest_route=\/wp\/v2\/media\/7169"}],"wp:attachment":[{"href":"https:\/\/cpas.scfp.qc.ca\/index.php?rest_route=%2Fwp%2Fv2%2Fmedia&parent=7168"}],"wp:term":[{"taxonomy":"category","embeddable":true,"href":"https:\/\/cpas.scfp.qc.ca\/index.php?rest_route=%2Fwp%2Fv2%2Fcategories&post=7168"},{"taxonomy":"post_tag","embeddable":true,"href":"https:\/\/cpas.scfp.qc.ca\/index.php?rest_route=%2Fwp%2Fv2%2Ftags&post=7168"}],"curies":[{"name":"wp","href":"https:\/\/api.w.org\/{rel}","templated":true}]}}