{"id":7093,"date":"2026-03-05T09:00:00","date_gmt":"2026-03-05T14:00:00","guid":{"rendered":"https:\/\/cpas.scfp.qc.ca\/?p=7093"},"modified":"2026-02-24T15:43:26","modified_gmt":"2026-02-24T20:43:26","slug":"entrevue-avec-pierre-guy-sylvestre-projet-de-loi-no-3","status":"publish","type":"post","link":"https:\/\/cpas.scfp.qc.ca\/?p=7093","title":{"rendered":"Entrevue avec Pierre-Guy Sylvestre \u2014 Projet de loi no 3"},"content":{"rendered":"\n<p>Le d\u00e9p\u00f4t du m\u00e9moire de la FTQ concernant le projet de loi no\u202f3 a soulev\u00e9 plusieurs questions au sein de notre organisation. Pour mieux comprendre les enjeux et les implications possibles, nous avons fait appel \u00e0 Pierre-Guy Sylvestre, \u00e9conomiste et conseiller au SCFP. Sp\u00e9cialiste de la recherche, des n\u00e9gociations et des affaires publiques, il nous offre ici son \u00e9clairage sur cette r\u00e9forme controvers\u00e9e.<\/p>\n\n\n\n<p><strong>Le gouvernement justifie ce projet au nom de la transparence de la gouvernance syndicale. Qu\u2019est-ce qui, selon vous, ne tient pas la route dans cet argument\u2009?<\/strong><\/p>\n\n\n\n<p>Les syndicats sont d\u00e9j\u00e0 transparents avec leurs membres, ce que vise le gouvernement est d\u2019alourdir la structure syndicale dans le but de leur nuire.<\/p>\n\n\n\n<p><strong>Selon vous, quel est l\u2019objectif r\u00e9el du projet de loi no 3\u2009?<\/strong><\/p>\n\n\n\n<p>Attaquer le pr\u00e9compte syndical en divisant les revenus de cotisation. L\u2019Alberta et des \u00c9tats am\u00e9ricains ont eu recours par le pass\u00e9 \u00e0 de telles r\u00e9formes et le r\u00e9sultat a \u00e9t\u00e9 une diminution du taux de syndicalisation, une baisse des salaires et une hausse des accidents de travail et des d\u00e9c\u00e8s au travail. L\u2019article 47 du Code du travail est le r\u00e9sultat de luttes syndicales et permet aux syndicats d\u2019\u00eatre financ\u00e9s par des revenus stables. Forcer les syndicats \u00e0 diviser leurs revenus de cotisation en une partie principale et une autre facultative cr\u00e9era de la zizanie et de la confusion au sein des membres, tout en exposant les sections locales \u00e0 des amendes pouvant aller \u00e0 des dizaines de milliers de dollars.<\/p>\n\n\n\n<p><strong>La FTQ affirme qu\u2019il s\u2019agit d\u2019une ing\u00e9rence dans la d\u00e9mocratie syndicale. Partagez-vous cette lecture\u2009? Pourquoi\u2009?<\/strong><\/p>\n\n\n\n<p>Bien s\u00fbr. Les syndicats sont des organisations priv\u00e9es, elles n\u2019ont pas de financement public. Ils sont redevables \u00e0 ceux qui contribuent au syndicat. Les statuts, les r\u00e8glements et les affaires internes des sections locales du SCFP appartiennent \u00e0 ses membres.<\/p>\n\n\n\n<p><strong>Qui a demand\u00e9 ce projet de loi, qui a \u00e9t\u00e9 consult\u00e9\u2009?<\/strong><\/p>\n\n\n\n<p>Le ministre pr\u00e9tend qu\u2019il a consult\u00e9 les syndicats, mais c\u2019est faux. Aucun syndicat n\u2019aurait demand\u00e9 un tel projet de loi, c\u2019est absurde. La loi est ill\u00e9gale et les groupes qui l\u2019appuient sont le Conseil du patronat, l\u2019Institut \u00e9conomique de Montr\u00e9al et d\u2019autres regroupements conservateurs affairistes. Les droits fondamentaux doivent \u00eatre respect\u00e9s, plusieurs lobbyistes l\u2019ont ignor\u00e9.<\/p>\n\n\n\n<p><strong>Quels risques voyez-vous pour la paix industrielle et l\u2019\u00e9quilibre du Code du travail\u2009?<\/strong><\/p>\n\n\n\n<p>Les dispositions du projet de loi, qui sera probablement amend\u00e9 lors de la reprise des travaux, pr\u00e9voient que des votes d\u2019assembl\u00e9es ne pourront plus se tenir s\u00e9ance tenante, et que tous les membres devront voter sur les sujets pr\u00e9sent\u00e9s lors de ces assembl\u00e9es, de 3 \u00e0 30 jours apr\u00e8s l\u2019assembl\u00e9e. Cela pourrait rendre plus difficile l\u2019acceptation d\u2019entente de principe car selon l\u2019exp\u00e9rience syndicale, une entente de principe doit \u00eatre expliqu\u00e9e de long en large afin d\u2019\u00eatre comprise. Il pourrait y avoir plus de conflits de travail et des r\u00e8glements plus difficiles \u00e0 obtenir.<\/p>\n\n\n\n<p><strong>Pourquoi la division entre cotisation principale et cotisation facultative est-elle jug\u00e9e probl\u00e9matique\u2009?<\/strong><\/p>\n\n\n\n<p>Les membres votent d\u00e9j\u00e0 pour des budgets qui sont d\u00e9taill\u00e9s. Si un syndicat participe \u00e0 un mouvement social, fait de la publicit\u00e9 ou conteste devant les tribunaux le caract\u00e8re l\u00e9gal d\u2019une loi, il devra tenir une assembl\u00e9e et faire voter tous les membres pour ce budget pr\u00e9cis. Ensuite il devra informer l\u2019employeur de s\u00e9parer les cotisations per\u00e7ues. Ce processus doit se faire au moins une fois par ann\u00e9e, ou \u00e0 chaque fois qu\u2019il y a un changement dans l\u2019agenda du syndicat. L\u2019employeur devra par la suite ajuster le montant per\u00e7u pour la cotisation facultative et pour la principale. Imaginez tous les syndicats chez Sant\u00e9 Qu\u00e9bec qui changent leur % de cotisation chaque ann\u00e9e. Imaginez maintenant ces m\u00eames syndicats qui changerait le pourcentage de chacune des cotisations (principale et facultative) une fois ou plus par ann\u00e9e. Une catastrophe annonc\u00e9e.<\/p>\n\n\n\n<p><strong>Quels seraient les effets concrets de cette r\u00e9forme sur le financement et la capacit\u00e9 d\u2019action des syndicats\u2009?<\/strong><\/p>\n\n\n\n<p>Les membres insatisfaits de la cat\u00e9gorisation des actions en principales ou facultatives pourraient demander \u00e0 la Cour du Qu\u00e9bec de poursuivre leur syndicat afin de d\u00e9terminer si la cotisation principale aurait servi \u00e0 tort \u00e0 financer une d\u00e9pense facultative. Le syndicat devra se d\u00e9fendre. Un autre membre pourrait alors demander \u00e0 la Cour du Qu\u00e9bec de poursuivre son syndicat si la d\u00e9fense est assum\u00e9e par les revenus de cotisation principale et ainsi de suite.<\/p>\n\n\n\n<p><strong>En quoi les nouvelles exigences de votes et de r\u00e9f\u00e9rendums annuels seraient-elles bureaucratiques ou inapplicables\u2009?<\/strong><\/p>\n\n\n\n<p>Les employeurs auraient du mal \u00e0 suivre et les membres seraient d\u00e9mobilis\u00e9s de devoir constamment revenir en assembl\u00e9e alors qu\u2019ils auraient d\u00e9j\u00e0 vot\u00e9 sur un budget.<\/p>\n\n\n\n<p><strong>Le projet de loi limite l\u2019utilisation des fonds syndicaux pour contester des lois ou des d\u00e9cisions gouvernementales. Pourquoi la FTQ consid\u00e8re-t-elle cela comme dangereux\u2009?<\/strong><\/p>\n\n\n\n<p>Oui. La s\u00e9paration des pouvoirs est importante et garantit le bien-\u00eatre de la population. Un premier ministre ne peut pas d\u00e9cr\u00e9ter ce qu\u2019il veut o\u00f9 faire adopter des lois qui iraient \u00e0 l\u2019encontre des Chartes des droits et libert\u00e9s et c\u2019est pour \u00e7a que le pouvoir judiciaire existe.<\/p>\n\n\n\n<p><strong>Quelles cons\u00e9quences cela pourrait-il avoir sur la d\u00e9fense des droits fondamentaux des travailleuses et travailleurs\u2009?<\/strong><\/p>\n\n\n\n<p>Elle serait affaiblie.<\/p>\n\n\n\n<p><strong>Y a-t-il un risque que les syndicats soient moins capables d\u2019agir comme contre-pouvoir d\u00e9mocratique\u2009?<\/strong><\/p>\n\n\n\n<p>C\u2019est l\u2019enjeu principal ici.<\/p>\n\n\n\n<p><strong>Le projet impose des votes obligatoires sur 24 heures. En quoi cela peut-il nuire \u00e0 la d\u00e9mocratie d\u00e9lib\u00e9rative en assembl\u00e9e\u2009?<\/strong><\/p>\n\n\n\n<p>Les syndicats peuvent faire adopter ces votes obligatoires, c\u2019est leur souverainet\u00e9. Nous d\u00e9non\u00e7ons surtout l\u2019ing\u00e9rence ici.<\/p>\n\n\n\n<p><strong>Est-ce que cette mesure ouvre la porte \u00e0 une ing\u00e9rence patronale dans les d\u00e9cisions syndicales\u2009?<\/strong><\/p>\n\n\n\n<p>Oui, l\u2019employeur aura le temps de partir des campagnes de peur et faire des menaces\u2009.<\/p>\n\n\n\n<p><strong>Si ce projet est adopt\u00e9, que devront faire les syndicats pour s\u2019adapter ou r\u00e9sister\u2009?<\/strong><\/p>\n\n\n\n<p>Contester devant les tribunaux car cette loi est ill\u00e9gale\u2009!<\/p>\n\n\n\n<p><strong>Que devrait faire le gouvernement s\u2019il souhaite r\u00e9ellement am\u00e9liorer la transparence\u2009?<\/strong><\/p>\n\n\n\n<p>Se m\u00ealer de ses affaires\u2009!<\/p>\n\n\n\n<p><strong>Quelles alternatives ou modifications seraient acceptables ou constructives selon vous\u2009?<\/strong><\/p>\n\n\n\n<p>Aucune\u2009!<\/p>\n\n\n\n<p><strong>La FTQ demande le retrait complet du projet de loi. Partagez-vous cette position\u2009?<\/strong><\/p>\n\n\n\n<p>Oui\u2009!<\/p>\n\n\n\n<p>Katia Idir et Patrick Hall\u00e9<\/p>\n","protected":false},"excerpt":{"rendered":"<p>Le d\u00e9p\u00f4t du m\u00e9moire de la FTQ concernant le projet de loi no\u202f3 a soulev\u00e9 plusieurs questions au sein de notre organisation. Pour mieux comprendre les enjeux et les implications possibles, nous avons fait appel \u00e0 Pierre-Guy Sylvestre, \u00e9conomiste et conseiller au SCFP. Sp\u00e9cialiste de la recherche, des n\u00e9gociations et des affaires publiques, il nous offre ici son \u00e9clairage sur cette r\u00e9forme controvers\u00e9e. Le gouvernement justifie ce projet au nom de la transparence de la gouvernance syndicale. Qu\u2019est-ce qui, selon vous, ne tient pas la route dans cet argument\u2009? Les syndicats sont d\u00e9j\u00e0 transparents avec leurs membres, ce que vise le gouvernement est d\u2019alourdir la structure syndicale dans le but de leur nuire. Selon vous, quel est l\u2019objectif r\u00e9el du projet de loi no 3\u2009? Attaquer le pr\u00e9compte syndical en divisant les revenus de cotisation. L\u2019Alberta et des \u00c9tats am\u00e9ricains ont eu recours par le pass\u00e9 \u00e0 de telles r\u00e9formes et le r\u00e9sultat a \u00e9t\u00e9 une diminution du taux de syndicalisation, une baisse des salaires et une hausse des accidents de travail et des d\u00e9c\u00e8s au travail. L\u2019article 47 du Code du travail est le r\u00e9sultat de luttes syndicales et permet aux syndicats d\u2019\u00eatre financ\u00e9s par des revenus stables. Forcer les syndicats \u00e0 diviser leurs revenus de cotisation en une partie principale et une autre facultative cr\u00e9era de la zizanie et de la confusion au sein des membres, tout en exposant les sections locales \u00e0 des amendes pouvant aller \u00e0 des dizaines de milliers de dollars. La FTQ affirme qu\u2019il s\u2019agit d\u2019une ing\u00e9rence dans la d\u00e9mocratie syndicale. Partagez-vous cette lecture\u2009? Pourquoi\u2009? Bien s\u00fbr. Les syndicats sont des organisations priv\u00e9es, elles n\u2019ont pas de financement public. Ils sont redevables \u00e0 ceux qui contribuent au syndicat. Les statuts, les r\u00e8glements et les affaires internes des sections locales du SCFP appartiennent \u00e0 ses membres. Qui a demand\u00e9 ce projet de loi, qui a \u00e9t\u00e9 consult\u00e9\u2009? Le ministre pr\u00e9tend qu\u2019il a consult\u00e9 les syndicats, mais c\u2019est faux. Aucun syndicat n\u2019aurait demand\u00e9 un tel projet de loi, c\u2019est absurde. La loi est ill\u00e9gale et les groupes qui l\u2019appuient sont le Conseil du patronat, l\u2019Institut \u00e9conomique de Montr\u00e9al et d\u2019autres regroupements conservateurs affairistes. Les droits fondamentaux doivent \u00eatre respect\u00e9s, plusieurs lobbyistes l\u2019ont ignor\u00e9. Quels risques voyez-vous pour la paix industrielle et l\u2019\u00e9quilibre du Code du travail\u2009? Les dispositions du projet de loi, qui sera probablement amend\u00e9 lors de la reprise des travaux, pr\u00e9voient que des votes d\u2019assembl\u00e9es ne pourront plus se tenir s\u00e9ance tenante, et que tous les membres devront voter sur les sujets pr\u00e9sent\u00e9s lors de ces assembl\u00e9es, de 3 \u00e0 30 jours apr\u00e8s l\u2019assembl\u00e9e. Cela pourrait rendre plus difficile l\u2019acceptation d\u2019entente de principe car selon l\u2019exp\u00e9rience syndicale, une entente de principe doit \u00eatre expliqu\u00e9e de long en large afin d\u2019\u00eatre comprise. Il pourrait y avoir plus de conflits de travail et des r\u00e8glements plus difficiles \u00e0 obtenir. Pourquoi la division entre cotisation principale et cotisation facultative est-elle jug\u00e9e probl\u00e9matique\u2009? Les membres votent d\u00e9j\u00e0 pour des budgets qui sont d\u00e9taill\u00e9s. Si un syndicat participe \u00e0 un mouvement social, fait de la publicit\u00e9 ou conteste devant les tribunaux le caract\u00e8re l\u00e9gal d\u2019une loi, il devra tenir une assembl\u00e9e et faire voter tous les membres pour ce budget pr\u00e9cis. Ensuite il devra informer l\u2019employeur de s\u00e9parer les cotisations per\u00e7ues. Ce processus doit se faire au moins une fois par ann\u00e9e, ou \u00e0 chaque fois qu\u2019il y a un changement dans l\u2019agenda du syndicat. L\u2019employeur devra par la suite ajuster le montant per\u00e7u pour la cotisation facultative et pour la principale. Imaginez tous les syndicats chez Sant\u00e9 Qu\u00e9bec qui changent leur % de cotisation chaque ann\u00e9e. Imaginez maintenant ces m\u00eames syndicats qui changerait le pourcentage de chacune des cotisations (principale et facultative) une fois ou plus par ann\u00e9e. Une catastrophe annonc\u00e9e. Quels seraient les effets concrets de cette r\u00e9forme sur le financement et la capacit\u00e9 d\u2019action des syndicats\u2009? Les membres insatisfaits de la cat\u00e9gorisation des actions en principales ou facultatives pourraient demander \u00e0 la Cour du Qu\u00e9bec de poursuivre leur syndicat afin de d\u00e9terminer si la cotisation principale aurait servi \u00e0 tort \u00e0 financer une d\u00e9pense facultative. Le syndicat devra se d\u00e9fendre. Un autre membre pourrait alors demander \u00e0 la Cour du Qu\u00e9bec de poursuivre son syndicat si la d\u00e9fense est assum\u00e9e par les revenus de cotisation principale et ainsi de suite. En quoi les nouvelles exigences de votes et de r\u00e9f\u00e9rendums annuels seraient-elles bureaucratiques ou inapplicables\u2009? Les employeurs auraient du mal \u00e0 suivre et les membres seraient d\u00e9mobilis\u00e9s de devoir constamment revenir en assembl\u00e9e alors qu\u2019ils auraient d\u00e9j\u00e0 vot\u00e9 sur un budget. Le projet de loi limite l\u2019utilisation des fonds syndicaux pour contester des lois ou des d\u00e9cisions gouvernementales. Pourquoi la FTQ consid\u00e8re-t-elle cela comme dangereux\u2009? Oui. La s\u00e9paration des pouvoirs est importante et garantit le bien-\u00eatre de la population. Un premier ministre ne peut pas d\u00e9cr\u00e9ter ce qu\u2019il veut o\u00f9 faire adopter des lois qui iraient \u00e0 l\u2019encontre des Chartes des droits et libert\u00e9s et c\u2019est pour \u00e7a que le pouvoir judiciaire existe. Quelles cons\u00e9quences cela pourrait-il avoir sur la d\u00e9fense des droits fondamentaux des travailleuses et travailleurs\u2009? Elle serait affaiblie. Y a-t-il un risque que les syndicats soient moins capables d\u2019agir comme contre-pouvoir d\u00e9mocratique\u2009? C\u2019est l\u2019enjeu principal ici. Le projet impose des votes obligatoires sur 24 heures. En quoi cela peut-il nuire \u00e0 la d\u00e9mocratie d\u00e9lib\u00e9rative en assembl\u00e9e\u2009? Les syndicats peuvent faire adopter ces votes obligatoires, c\u2019est leur souverainet\u00e9. Nous d\u00e9non\u00e7ons surtout l\u2019ing\u00e9rence ici. Est-ce que cette mesure ouvre la porte \u00e0 une ing\u00e9rence patronale dans les d\u00e9cisions syndicales\u2009? Oui, l\u2019employeur aura le temps de partir des campagnes de peur et faire des menaces\u2009. Si ce projet est adopt\u00e9, que devront faire les syndicats pour s\u2019adapter ou r\u00e9sister\u2009? Contester devant les tribunaux car cette loi est ill\u00e9gale\u2009! Que devrait faire le gouvernement s\u2019il souhaite r\u00e9ellement am\u00e9liorer la transparence\u2009? Se m\u00ealer de ses affaires\u2009! Quelles alternatives ou modifications seraient acceptables ou constructives selon vous\u2009? Aucune\u2009! La FTQ demande le retrait complet du projet de loi. Partagez-vous cette position\u2009? Oui\u2009! Katia Idir et Patrick Hall\u00e9<\/p>\n","protected":false},"author":1,"featured_media":7091,"comment_status":"open","ping_status":"open","sticky":false,"template":"","format":"standard","meta":{"_eb_attr":"","_jetpack_memberships_contains_paid_content":false,"footnotes":""},"categories":[1],"tags":[],"class_list":["post-7093","post","type-post","status-publish","format-standard","has-post-thumbnail","hentry","category-non-classe"],"yoast_head":"<!-- This site is optimized with the Yoast SEO Premium plugin v27.4 (Yoast SEO v27.5) - https:\/\/yoast.com\/product\/yoast-seo-premium-wordpress\/ -->\n<title>Entrevue avec Pierre-Guy Sylvestre \u2014 Projet de loi no 3 - Conseil provincial des affaires sociales<\/title>\n<meta name=\"robots\" content=\"index, follow, max-snippet:-1, max-image-preview:large, max-video-preview:-1\" \/>\n<link rel=\"canonical\" href=\"https:\/\/cpas.scfp.qc.ca\/?p=7093\" \/>\n<meta property=\"og:locale\" content=\"fr_FR\" \/>\n<meta property=\"og:type\" content=\"article\" \/>\n<meta property=\"og:title\" content=\"Entrevue avec Pierre-Guy Sylvestre \u2014 Projet de loi no 3\" \/>\n<meta property=\"og:description\" content=\"Le d\u00e9p\u00f4t du m\u00e9moire de la FTQ concernant le projet de loi no\u202f3 a soulev\u00e9 plusieurs questions au sein de notre organisation. Pour mieux comprendre les enjeux et les implications possibles, nous avons fait appel \u00e0 Pierre-Guy Sylvestre, \u00e9conomiste et conseiller au SCFP. Sp\u00e9cialiste de la recherche, des n\u00e9gociations et des affaires publiques, il nous offre ici son \u00e9clairage sur cette r\u00e9forme controvers\u00e9e. Le gouvernement justifie ce projet au nom de la transparence de la gouvernance syndicale. Qu\u2019est-ce qui, selon vous, ne tient pas la route dans cet argument\u2009? Les syndicats sont d\u00e9j\u00e0 transparents avec leurs membres, ce que vise le gouvernement est d\u2019alourdir la structure syndicale dans le but de leur nuire. Selon vous, quel est l\u2019objectif r\u00e9el du projet de loi no 3\u2009? Attaquer le pr\u00e9compte syndical en divisant les revenus de cotisation. L\u2019Alberta et des \u00c9tats am\u00e9ricains ont eu recours par le pass\u00e9 \u00e0 de telles r\u00e9formes et le r\u00e9sultat a \u00e9t\u00e9 une diminution du taux de syndicalisation, une baisse des salaires et une hausse des accidents de travail et des d\u00e9c\u00e8s au travail. L\u2019article 47 du Code du travail est le r\u00e9sultat de luttes syndicales et permet aux syndicats d\u2019\u00eatre financ\u00e9s par des revenus stables. Forcer les syndicats \u00e0 diviser leurs revenus de cotisation en une partie principale et une autre facultative cr\u00e9era de la zizanie et de la confusion au sein des membres, tout en exposant les sections locales \u00e0 des amendes pouvant aller \u00e0 des dizaines de milliers de dollars. La FTQ affirme qu\u2019il s\u2019agit d\u2019une ing\u00e9rence dans la d\u00e9mocratie syndicale. Partagez-vous cette lecture\u2009? Pourquoi\u2009? Bien s\u00fbr. Les syndicats sont des organisations priv\u00e9es, elles n\u2019ont pas de financement public. Ils sont redevables \u00e0 ceux qui contribuent au syndicat. Les statuts, les r\u00e8glements et les affaires internes des sections locales du SCFP appartiennent \u00e0 ses membres. Qui a demand\u00e9 ce projet de loi, qui a \u00e9t\u00e9 consult\u00e9\u2009? Le ministre pr\u00e9tend qu\u2019il a consult\u00e9 les syndicats, mais c\u2019est faux. Aucun syndicat n\u2019aurait demand\u00e9 un tel projet de loi, c\u2019est absurde. La loi est ill\u00e9gale et les groupes qui l\u2019appuient sont le Conseil du patronat, l\u2019Institut \u00e9conomique de Montr\u00e9al et d\u2019autres regroupements conservateurs affairistes. Les droits fondamentaux doivent \u00eatre respect\u00e9s, plusieurs lobbyistes l\u2019ont ignor\u00e9. Quels risques voyez-vous pour la paix industrielle et l\u2019\u00e9quilibre du Code du travail\u2009? Les dispositions du projet de loi, qui sera probablement amend\u00e9 lors de la reprise des travaux, pr\u00e9voient que des votes d\u2019assembl\u00e9es ne pourront plus se tenir s\u00e9ance tenante, et que tous les membres devront voter sur les sujets pr\u00e9sent\u00e9s lors de ces assembl\u00e9es, de 3 \u00e0 30 jours apr\u00e8s l\u2019assembl\u00e9e. Cela pourrait rendre plus difficile l\u2019acceptation d\u2019entente de principe car selon l\u2019exp\u00e9rience syndicale, une entente de principe doit \u00eatre expliqu\u00e9e de long en large afin d\u2019\u00eatre comprise. Il pourrait y avoir plus de conflits de travail et des r\u00e8glements plus difficiles \u00e0 obtenir. Pourquoi la division entre cotisation principale et cotisation facultative est-elle jug\u00e9e probl\u00e9matique\u2009? Les membres votent d\u00e9j\u00e0 pour des budgets qui sont d\u00e9taill\u00e9s. Si un syndicat participe \u00e0 un mouvement social, fait de la publicit\u00e9 ou conteste devant les tribunaux le caract\u00e8re l\u00e9gal d\u2019une loi, il devra tenir une assembl\u00e9e et faire voter tous les membres pour ce budget pr\u00e9cis. Ensuite il devra informer l\u2019employeur de s\u00e9parer les cotisations per\u00e7ues. Ce processus doit se faire au moins une fois par ann\u00e9e, ou \u00e0 chaque fois qu\u2019il y a un changement dans l\u2019agenda du syndicat. L\u2019employeur devra par la suite ajuster le montant per\u00e7u pour la cotisation facultative et pour la principale. Imaginez tous les syndicats chez Sant\u00e9 Qu\u00e9bec qui changent leur % de cotisation chaque ann\u00e9e. Imaginez maintenant ces m\u00eames syndicats qui changerait le pourcentage de chacune des cotisations (principale et facultative) une fois ou plus par ann\u00e9e. Une catastrophe annonc\u00e9e. Quels seraient les effets concrets de cette r\u00e9forme sur le financement et la capacit\u00e9 d\u2019action des syndicats\u2009? Les membres insatisfaits de la cat\u00e9gorisation des actions en principales ou facultatives pourraient demander \u00e0 la Cour du Qu\u00e9bec de poursuivre leur syndicat afin de d\u00e9terminer si la cotisation principale aurait servi \u00e0 tort \u00e0 financer une d\u00e9pense facultative. Le syndicat devra se d\u00e9fendre. Un autre membre pourrait alors demander \u00e0 la Cour du Qu\u00e9bec de poursuivre son syndicat si la d\u00e9fense est assum\u00e9e par les revenus de cotisation principale et ainsi de suite. En quoi les nouvelles exigences de votes et de r\u00e9f\u00e9rendums annuels seraient-elles bureaucratiques ou inapplicables\u2009? Les employeurs auraient du mal \u00e0 suivre et les membres seraient d\u00e9mobilis\u00e9s de devoir constamment revenir en assembl\u00e9e alors qu\u2019ils auraient d\u00e9j\u00e0 vot\u00e9 sur un budget. Le projet de loi limite l\u2019utilisation des fonds syndicaux pour contester des lois ou des d\u00e9cisions gouvernementales. Pourquoi la FTQ consid\u00e8re-t-elle cela comme dangereux\u2009? Oui. La s\u00e9paration des pouvoirs est importante et garantit le bien-\u00eatre de la population. Un premier ministre ne peut pas d\u00e9cr\u00e9ter ce qu\u2019il veut o\u00f9 faire adopter des lois qui iraient \u00e0 l\u2019encontre des Chartes des droits et libert\u00e9s et c\u2019est pour \u00e7a que le pouvoir judiciaire existe. Quelles cons\u00e9quences cela pourrait-il avoir sur la d\u00e9fense des droits fondamentaux des travailleuses et travailleurs\u2009? Elle serait affaiblie. Y a-t-il un risque que les syndicats soient moins capables d\u2019agir comme contre-pouvoir d\u00e9mocratique\u2009? C\u2019est l\u2019enjeu principal ici. Le projet impose des votes obligatoires sur 24 heures. En quoi cela peut-il nuire \u00e0 la d\u00e9mocratie d\u00e9lib\u00e9rative en assembl\u00e9e\u2009? Les syndicats peuvent faire adopter ces votes obligatoires, c\u2019est leur souverainet\u00e9. Nous d\u00e9non\u00e7ons surtout l\u2019ing\u00e9rence ici. Est-ce que cette mesure ouvre la porte \u00e0 une ing\u00e9rence patronale dans les d\u00e9cisions syndicales\u2009? Oui, l\u2019employeur aura le temps de partir des campagnes de peur et faire des menaces\u2009. Si ce projet est adopt\u00e9, que devront faire les syndicats pour s\u2019adapter ou r\u00e9sister\u2009? Contester devant les tribunaux car cette loi est ill\u00e9gale\u2009! Que devrait faire le gouvernement s\u2019il souhaite r\u00e9ellement am\u00e9liorer la transparence\u2009? Se m\u00ealer de ses affaires\u2009! Quelles alternatives ou modifications seraient acceptables ou constructives selon vous\u2009? Aucune\u2009! La FTQ demande le retrait complet du projet de loi. Partagez-vous cette position\u2009? Oui\u2009! Katia Idir et Patrick Hall\u00e9\" \/>\n<meta property=\"og:url\" content=\"https:\/\/cpas.scfp.qc.ca\/?p=7093\" \/>\n<meta property=\"og:site_name\" content=\"Conseil provincial des affaires sociales\" \/>\n<meta property=\"article:publisher\" content=\"https:\/\/www.facebook.com\/cpas.scfp\" \/>\n<meta property=\"article:author\" content=\"https:\/\/www.facebook.com\/cpas.scfp\" \/>\n<meta property=\"article:published_time\" content=\"2026-03-05T14:00:00+00:00\" \/>\n<meta property=\"og:image\" content=\"https:\/\/cpas.scfp.qc.ca\/wp-content\/uploads\/2026\/02\/493058883_122229270728196448_5945576249650032342_n-e1771964379401.jpg\" \/>\n\t<meta property=\"og:image:width\" content=\"1536\" \/>\n\t<meta property=\"og:image:height\" content=\"1410\" \/>\n\t<meta property=\"og:image:type\" content=\"image\/jpeg\" \/>\n<meta name=\"author\" content=\"admin5012\" \/>\n<meta name=\"twitter:card\" content=\"summary_large_image\" \/>\n<meta name=\"twitter:creator\" content=\"@RechercheCPAS\" \/>\n<meta name=\"twitter:site\" content=\"@RechercheCPAS\" \/>\n<meta name=\"twitter:label1\" content=\"\u00c9crit par\" \/>\n\t<meta name=\"twitter:data1\" content=\"admin5012\" \/>\n\t<meta name=\"twitter:label2\" content=\"Dur\u00e9e de lecture estim\u00e9e\" \/>\n\t<meta name=\"twitter:data2\" content=\"6 minutes\" \/>\n<script type=\"application\/ld+json\" class=\"yoast-schema-graph\">{\"@context\":\"https:\\\/\\\/schema.org\",\"@graph\":[{\"@type\":\"Article\",\"@id\":\"https:\\\/\\\/cpas.scfp.qc.ca\\\/?p=7093#article\",\"isPartOf\":{\"@id\":\"https:\\\/\\\/cpas.scfp.qc.ca\\\/?p=7093\"},\"author\":{\"name\":\"admin5012\",\"@id\":\"https:\\\/\\\/cpas.scfp.qc.ca\\\/#\\\/schema\\\/person\\\/9c98e2b429ea0566a874567941e1eaaa\"},\"headline\":\"Entrevue avec Pierre-Guy Sylvestre \u2014 Projet de loi no 3\",\"datePublished\":\"2026-03-05T14:00:00+00:00\",\"mainEntityOfPage\":{\"@id\":\"https:\\\/\\\/cpas.scfp.qc.ca\\\/?p=7093\"},\"wordCount\":1120,\"commentCount\":0,\"publisher\":{\"@id\":\"https:\\\/\\\/cpas.scfp.qc.ca\\\/#organization\"},\"image\":{\"@id\":\"https:\\\/\\\/cpas.scfp.qc.ca\\\/?p=7093#primaryimage\"},\"thumbnailUrl\":\"https:\\\/\\\/cpas.scfp.qc.ca\\\/wp-content\\\/uploads\\\/2026\\\/02\\\/493058883_122229270728196448_5945576249650032342_n-e1771964379401.jpg\",\"inLanguage\":\"fr-FR\",\"potentialAction\":[{\"@type\":\"CommentAction\",\"name\":\"Comment\",\"target\":[\"https:\\\/\\\/cpas.scfp.qc.ca\\\/?p=7093#respond\"]}]},{\"@type\":\"WebPage\",\"@id\":\"https:\\\/\\\/cpas.scfp.qc.ca\\\/?p=7093\",\"url\":\"https:\\\/\\\/cpas.scfp.qc.ca\\\/?p=7093\",\"name\":\"Entrevue avec Pierre-Guy Sylvestre \u2014 Projet de loi no 3 - Conseil provincial des affaires sociales\",\"isPartOf\":{\"@id\":\"https:\\\/\\\/cpas.scfp.qc.ca\\\/#website\"},\"primaryImageOfPage\":{\"@id\":\"https:\\\/\\\/cpas.scfp.qc.ca\\\/?p=7093#primaryimage\"},\"image\":{\"@id\":\"https:\\\/\\\/cpas.scfp.qc.ca\\\/?p=7093#primaryimage\"},\"thumbnailUrl\":\"https:\\\/\\\/cpas.scfp.qc.ca\\\/wp-content\\\/uploads\\\/2026\\\/02\\\/493058883_122229270728196448_5945576249650032342_n-e1771964379401.jpg\",\"datePublished\":\"2026-03-05T14:00:00+00:00\",\"breadcrumb\":{\"@id\":\"https:\\\/\\\/cpas.scfp.qc.ca\\\/?p=7093#breadcrumb\"},\"inLanguage\":\"fr-FR\",\"potentialAction\":[{\"@type\":\"ReadAction\",\"target\":[\"https:\\\/\\\/cpas.scfp.qc.ca\\\/?p=7093\"]}]},{\"@type\":\"ImageObject\",\"inLanguage\":\"fr-FR\",\"@id\":\"https:\\\/\\\/cpas.scfp.qc.ca\\\/?p=7093#primaryimage\",\"url\":\"https:\\\/\\\/cpas.scfp.qc.ca\\\/wp-content\\\/uploads\\\/2026\\\/02\\\/493058883_122229270728196448_5945576249650032342_n-e1771964379401.jpg\",\"contentUrl\":\"https:\\\/\\\/cpas.scfp.qc.ca\\\/wp-content\\\/uploads\\\/2026\\\/02\\\/493058883_122229270728196448_5945576249650032342_n-e1771964379401.jpg\",\"width\":1536,\"height\":1410},{\"@type\":\"BreadcrumbList\",\"@id\":\"https:\\\/\\\/cpas.scfp.qc.ca\\\/?p=7093#breadcrumb\",\"itemListElement\":[{\"@type\":\"ListItem\",\"position\":1,\"name\":\"Accueil\",\"item\":\"https:\\\/\\\/cpas.scfp.qc.ca\\\/\"},{\"@type\":\"ListItem\",\"position\":2,\"name\":\"Entrevue avec Pierre-Guy Sylvestre \u2014 Projet de loi no 3\"}]},{\"@type\":\"WebSite\",\"@id\":\"https:\\\/\\\/cpas.scfp.qc.ca\\\/#website\",\"url\":\"https:\\\/\\\/cpas.scfp.qc.ca\\\/\",\"name\":\"Conseil provincial des affaires sociales\",\"description\":\"Du m\u00e9tier et du c\u0153ur\",\"publisher\":{\"@id\":\"https:\\\/\\\/cpas.scfp.qc.ca\\\/#organization\"},\"alternateName\":\"CPAS\",\"potentialAction\":[{\"@type\":\"SearchAction\",\"target\":{\"@type\":\"EntryPoint\",\"urlTemplate\":\"https:\\\/\\\/cpas.scfp.qc.ca\\\/?s={search_term_string}\"},\"query-input\":{\"@type\":\"PropertyValueSpecification\",\"valueRequired\":true,\"valueName\":\"search_term_string\"}}],\"inLanguage\":\"fr-FR\"},{\"@type\":\"Organization\",\"@id\":\"https:\\\/\\\/cpas.scfp.qc.ca\\\/#organization\",\"name\":\"Conseil provincial des affaires sociales\",\"alternateName\":\"CPAS\",\"url\":\"https:\\\/\\\/cpas.scfp.qc.ca\\\/\",\"logo\":{\"@type\":\"ImageObject\",\"inLanguage\":\"fr-FR\",\"@id\":\"https:\\\/\\\/cpas.scfp.qc.ca\\\/#\\\/schema\\\/logo\\\/image\\\/\",\"url\":\"https:\\\/\\\/cpas.scfp.qc.ca\\\/wp-content\\\/uploads\\\/2023\\\/12\\\/logo_cpas_horizontalsignature_rgb.png\",\"contentUrl\":\"https:\\\/\\\/cpas.scfp.qc.ca\\\/wp-content\\\/uploads\\\/2023\\\/12\\\/logo_cpas_horizontalsignature_rgb.png\",\"width\":1980,\"height\":1980,\"caption\":\"Conseil provincial des affaires sociales\"},\"image\":{\"@id\":\"https:\\\/\\\/cpas.scfp.qc.ca\\\/#\\\/schema\\\/logo\\\/image\\\/\"},\"sameAs\":[\"https:\\\/\\\/www.facebook.com\\\/cpas.scfp\",\"https:\\\/\\\/x.com\\\/RechercheCPAS\",\"https:\\\/\\\/www.instagram.com\\\/cpas_scfp\\\/\",\"https:\\\/\\\/www.linkedin.com\\\/company\\\/100101794\\\/admin\\\/feed\\\/posts\\\/\",\"https:\\\/\\\/www.threads.com\\\/@cpas_scfp\",\"https:\\\/\\\/bsky.app\\\/profile\\\/cpas-scfp.bsky.social\",\"https:\\\/\\\/www.tiktok.com\\\/@cpasscfp\"],\"description\":\"Le Conseil provincial des affaires sociales (CPAS) rassemble plus de 35 000 travailleuses et travailleurs du secteur de la sant\u00e9 et des services sociaux syndiqu\u00e9s aupr\u00e8s du Syndicat canadien de la fonction publique (SCFP).\",\"email\":\"info@scfpcpas.ca\",\"telephone\":\"4384766448\",\"legalName\":\"Conseil provincial des affaires sociales\"},{\"@type\":\"Person\",\"@id\":\"https:\\\/\\\/cpas.scfp.qc.ca\\\/#\\\/schema\\\/person\\\/9c98e2b429ea0566a874567941e1eaaa\",\"name\":\"admin5012\",\"image\":{\"@type\":\"ImageObject\",\"inLanguage\":\"fr-FR\",\"@id\":\"https:\\\/\\\/secure.gravatar.com\\\/avatar\\\/154f1b3fbe53a30b002268b4770a132b86e7bb353da871dbaf3a1b240317a4c3?s=96&d=mm&r=g\",\"url\":\"https:\\\/\\\/secure.gravatar.com\\\/avatar\\\/154f1b3fbe53a30b002268b4770a132b86e7bb353da871dbaf3a1b240317a4c3?s=96&d=mm&r=g\",\"contentUrl\":\"https:\\\/\\\/secure.gravatar.com\\\/avatar\\\/154f1b3fbe53a30b002268b4770a132b86e7bb353da871dbaf3a1b240317a4c3?s=96&d=mm&r=g\",\"caption\":\"admin5012\"},\"sameAs\":[\"http:\\\/\\\/cpas.scfp.qc.ca\",\"https:\\\/\\\/www.facebook.com\\\/cpas.scfp\",\"https:\\\/\\\/www.instagram.com\\\/cpas_scfp\\\/\",\"https:\\\/\\\/www.linkedin.com\\\/company\\\/conseil-provincial-des-affaires-sociales-cpas-scfp-cupe\\\/?viewAsMember=true\",\"https:\\\/\\\/x.com\\\/RechercheCPAS\"],\"url\":\"https:\\\/\\\/cpas.scfp.qc.ca\\\/?author=1\"}]}<\/script>\n<!-- \/ Yoast SEO Premium plugin. -->","yoast_head_json":{"title":"Entrevue avec Pierre-Guy Sylvestre \u2014 Projet de loi no 3 - Conseil provincial des affaires sociales","robots":{"index":"index","follow":"follow","max-snippet":"max-snippet:-1","max-image-preview":"max-image-preview:large","max-video-preview":"max-video-preview:-1"},"canonical":"https:\/\/cpas.scfp.qc.ca\/?p=7093","og_locale":"fr_FR","og_type":"article","og_title":"Entrevue avec Pierre-Guy Sylvestre \u2014 Projet de loi no 3","og_description":"Le d\u00e9p\u00f4t du m\u00e9moire de la FTQ concernant le projet de loi no\u202f3 a soulev\u00e9 plusieurs questions au sein de notre organisation. Pour mieux comprendre les enjeux et les implications possibles, nous avons fait appel \u00e0 Pierre-Guy Sylvestre, \u00e9conomiste et conseiller au SCFP. Sp\u00e9cialiste de la recherche, des n\u00e9gociations et des affaires publiques, il nous offre ici son \u00e9clairage sur cette r\u00e9forme controvers\u00e9e. Le gouvernement justifie ce projet au nom de la transparence de la gouvernance syndicale. Qu\u2019est-ce qui, selon vous, ne tient pas la route dans cet argument\u2009? Les syndicats sont d\u00e9j\u00e0 transparents avec leurs membres, ce que vise le gouvernement est d\u2019alourdir la structure syndicale dans le but de leur nuire. Selon vous, quel est l\u2019objectif r\u00e9el du projet de loi no 3\u2009? Attaquer le pr\u00e9compte syndical en divisant les revenus de cotisation. L\u2019Alberta et des \u00c9tats am\u00e9ricains ont eu recours par le pass\u00e9 \u00e0 de telles r\u00e9formes et le r\u00e9sultat a \u00e9t\u00e9 une diminution du taux de syndicalisation, une baisse des salaires et une hausse des accidents de travail et des d\u00e9c\u00e8s au travail. L\u2019article 47 du Code du travail est le r\u00e9sultat de luttes syndicales et permet aux syndicats d\u2019\u00eatre financ\u00e9s par des revenus stables. Forcer les syndicats \u00e0 diviser leurs revenus de cotisation en une partie principale et une autre facultative cr\u00e9era de la zizanie et de la confusion au sein des membres, tout en exposant les sections locales \u00e0 des amendes pouvant aller \u00e0 des dizaines de milliers de dollars. La FTQ affirme qu\u2019il s\u2019agit d\u2019une ing\u00e9rence dans la d\u00e9mocratie syndicale. Partagez-vous cette lecture\u2009? Pourquoi\u2009? Bien s\u00fbr. Les syndicats sont des organisations priv\u00e9es, elles n\u2019ont pas de financement public. Ils sont redevables \u00e0 ceux qui contribuent au syndicat. Les statuts, les r\u00e8glements et les affaires internes des sections locales du SCFP appartiennent \u00e0 ses membres. Qui a demand\u00e9 ce projet de loi, qui a \u00e9t\u00e9 consult\u00e9\u2009? Le ministre pr\u00e9tend qu\u2019il a consult\u00e9 les syndicats, mais c\u2019est faux. Aucun syndicat n\u2019aurait demand\u00e9 un tel projet de loi, c\u2019est absurde. La loi est ill\u00e9gale et les groupes qui l\u2019appuient sont le Conseil du patronat, l\u2019Institut \u00e9conomique de Montr\u00e9al et d\u2019autres regroupements conservateurs affairistes. Les droits fondamentaux doivent \u00eatre respect\u00e9s, plusieurs lobbyistes l\u2019ont ignor\u00e9. Quels risques voyez-vous pour la paix industrielle et l\u2019\u00e9quilibre du Code du travail\u2009? Les dispositions du projet de loi, qui sera probablement amend\u00e9 lors de la reprise des travaux, pr\u00e9voient que des votes d\u2019assembl\u00e9es ne pourront plus se tenir s\u00e9ance tenante, et que tous les membres devront voter sur les sujets pr\u00e9sent\u00e9s lors de ces assembl\u00e9es, de 3 \u00e0 30 jours apr\u00e8s l\u2019assembl\u00e9e. Cela pourrait rendre plus difficile l\u2019acceptation d\u2019entente de principe car selon l\u2019exp\u00e9rience syndicale, une entente de principe doit \u00eatre expliqu\u00e9e de long en large afin d\u2019\u00eatre comprise. Il pourrait y avoir plus de conflits de travail et des r\u00e8glements plus difficiles \u00e0 obtenir. Pourquoi la division entre cotisation principale et cotisation facultative est-elle jug\u00e9e probl\u00e9matique\u2009? Les membres votent d\u00e9j\u00e0 pour des budgets qui sont d\u00e9taill\u00e9s. Si un syndicat participe \u00e0 un mouvement social, fait de la publicit\u00e9 ou conteste devant les tribunaux le caract\u00e8re l\u00e9gal d\u2019une loi, il devra tenir une assembl\u00e9e et faire voter tous les membres pour ce budget pr\u00e9cis. Ensuite il devra informer l\u2019employeur de s\u00e9parer les cotisations per\u00e7ues. Ce processus doit se faire au moins une fois par ann\u00e9e, ou \u00e0 chaque fois qu\u2019il y a un changement dans l\u2019agenda du syndicat. L\u2019employeur devra par la suite ajuster le montant per\u00e7u pour la cotisation facultative et pour la principale. Imaginez tous les syndicats chez Sant\u00e9 Qu\u00e9bec qui changent leur % de cotisation chaque ann\u00e9e. Imaginez maintenant ces m\u00eames syndicats qui changerait le pourcentage de chacune des cotisations (principale et facultative) une fois ou plus par ann\u00e9e. Une catastrophe annonc\u00e9e. Quels seraient les effets concrets de cette r\u00e9forme sur le financement et la capacit\u00e9 d\u2019action des syndicats\u2009? Les membres insatisfaits de la cat\u00e9gorisation des actions en principales ou facultatives pourraient demander \u00e0 la Cour du Qu\u00e9bec de poursuivre leur syndicat afin de d\u00e9terminer si la cotisation principale aurait servi \u00e0 tort \u00e0 financer une d\u00e9pense facultative. Le syndicat devra se d\u00e9fendre. Un autre membre pourrait alors demander \u00e0 la Cour du Qu\u00e9bec de poursuivre son syndicat si la d\u00e9fense est assum\u00e9e par les revenus de cotisation principale et ainsi de suite. En quoi les nouvelles exigences de votes et de r\u00e9f\u00e9rendums annuels seraient-elles bureaucratiques ou inapplicables\u2009? Les employeurs auraient du mal \u00e0 suivre et les membres seraient d\u00e9mobilis\u00e9s de devoir constamment revenir en assembl\u00e9e alors qu\u2019ils auraient d\u00e9j\u00e0 vot\u00e9 sur un budget. Le projet de loi limite l\u2019utilisation des fonds syndicaux pour contester des lois ou des d\u00e9cisions gouvernementales. Pourquoi la FTQ consid\u00e8re-t-elle cela comme dangereux\u2009? Oui. La s\u00e9paration des pouvoirs est importante et garantit le bien-\u00eatre de la population. Un premier ministre ne peut pas d\u00e9cr\u00e9ter ce qu\u2019il veut o\u00f9 faire adopter des lois qui iraient \u00e0 l\u2019encontre des Chartes des droits et libert\u00e9s et c\u2019est pour \u00e7a que le pouvoir judiciaire existe. Quelles cons\u00e9quences cela pourrait-il avoir sur la d\u00e9fense des droits fondamentaux des travailleuses et travailleurs\u2009? Elle serait affaiblie. Y a-t-il un risque que les syndicats soient moins capables d\u2019agir comme contre-pouvoir d\u00e9mocratique\u2009? C\u2019est l\u2019enjeu principal ici. Le projet impose des votes obligatoires sur 24 heures. En quoi cela peut-il nuire \u00e0 la d\u00e9mocratie d\u00e9lib\u00e9rative en assembl\u00e9e\u2009? Les syndicats peuvent faire adopter ces votes obligatoires, c\u2019est leur souverainet\u00e9. Nous d\u00e9non\u00e7ons surtout l\u2019ing\u00e9rence ici. Est-ce que cette mesure ouvre la porte \u00e0 une ing\u00e9rence patronale dans les d\u00e9cisions syndicales\u2009? Oui, l\u2019employeur aura le temps de partir des campagnes de peur et faire des menaces\u2009. Si ce projet est adopt\u00e9, que devront faire les syndicats pour s\u2019adapter ou r\u00e9sister\u2009? Contester devant les tribunaux car cette loi est ill\u00e9gale\u2009! Que devrait faire le gouvernement s\u2019il souhaite r\u00e9ellement am\u00e9liorer la transparence\u2009? Se m\u00ealer de ses affaires\u2009! Quelles alternatives ou modifications seraient acceptables ou constructives selon vous\u2009? Aucune\u2009! La FTQ demande le retrait complet du projet de loi. Partagez-vous cette position\u2009? Oui\u2009! Katia Idir et Patrick Hall\u00e9","og_url":"https:\/\/cpas.scfp.qc.ca\/?p=7093","og_site_name":"Conseil provincial des affaires sociales","article_publisher":"https:\/\/www.facebook.com\/cpas.scfp","article_author":"https:\/\/www.facebook.com\/cpas.scfp","article_published_time":"2026-03-05T14:00:00+00:00","og_image":[{"width":1536,"height":1410,"url":"https:\/\/cpas.scfp.qc.ca\/wp-content\/uploads\/2026\/02\/493058883_122229270728196448_5945576249650032342_n-e1771964379401.jpg","type":"image\/jpeg"}],"author":"admin5012","twitter_card":"summary_large_image","twitter_creator":"@RechercheCPAS","twitter_site":"@RechercheCPAS","twitter_misc":{"\u00c9crit par":"admin5012","Dur\u00e9e de lecture estim\u00e9e":"6 minutes"},"schema":{"@context":"https:\/\/schema.org","@graph":[{"@type":"Article","@id":"https:\/\/cpas.scfp.qc.ca\/?p=7093#article","isPartOf":{"@id":"https:\/\/cpas.scfp.qc.ca\/?p=7093"},"author":{"name":"admin5012","@id":"https:\/\/cpas.scfp.qc.ca\/#\/schema\/person\/9c98e2b429ea0566a874567941e1eaaa"},"headline":"Entrevue avec Pierre-Guy Sylvestre \u2014 Projet de loi no 3","datePublished":"2026-03-05T14:00:00+00:00","mainEntityOfPage":{"@id":"https:\/\/cpas.scfp.qc.ca\/?p=7093"},"wordCount":1120,"commentCount":0,"publisher":{"@id":"https:\/\/cpas.scfp.qc.ca\/#organization"},"image":{"@id":"https:\/\/cpas.scfp.qc.ca\/?p=7093#primaryimage"},"thumbnailUrl":"https:\/\/cpas.scfp.qc.ca\/wp-content\/uploads\/2026\/02\/493058883_122229270728196448_5945576249650032342_n-e1771964379401.jpg","inLanguage":"fr-FR","potentialAction":[{"@type":"CommentAction","name":"Comment","target":["https:\/\/cpas.scfp.qc.ca\/?p=7093#respond"]}]},{"@type":"WebPage","@id":"https:\/\/cpas.scfp.qc.ca\/?p=7093","url":"https:\/\/cpas.scfp.qc.ca\/?p=7093","name":"Entrevue avec Pierre-Guy Sylvestre \u2014 Projet de loi no 3 - Conseil provincial des affaires sociales","isPartOf":{"@id":"https:\/\/cpas.scfp.qc.ca\/#website"},"primaryImageOfPage":{"@id":"https:\/\/cpas.scfp.qc.ca\/?p=7093#primaryimage"},"image":{"@id":"https:\/\/cpas.scfp.qc.ca\/?p=7093#primaryimage"},"thumbnailUrl":"https:\/\/cpas.scfp.qc.ca\/wp-content\/uploads\/2026\/02\/493058883_122229270728196448_5945576249650032342_n-e1771964379401.jpg","datePublished":"2026-03-05T14:00:00+00:00","breadcrumb":{"@id":"https:\/\/cpas.scfp.qc.ca\/?p=7093#breadcrumb"},"inLanguage":"fr-FR","potentialAction":[{"@type":"ReadAction","target":["https:\/\/cpas.scfp.qc.ca\/?p=7093"]}]},{"@type":"ImageObject","inLanguage":"fr-FR","@id":"https:\/\/cpas.scfp.qc.ca\/?p=7093#primaryimage","url":"https:\/\/cpas.scfp.qc.ca\/wp-content\/uploads\/2026\/02\/493058883_122229270728196448_5945576249650032342_n-e1771964379401.jpg","contentUrl":"https:\/\/cpas.scfp.qc.ca\/wp-content\/uploads\/2026\/02\/493058883_122229270728196448_5945576249650032342_n-e1771964379401.jpg","width":1536,"height":1410},{"@type":"BreadcrumbList","@id":"https:\/\/cpas.scfp.qc.ca\/?p=7093#breadcrumb","itemListElement":[{"@type":"ListItem","position":1,"name":"Accueil","item":"https:\/\/cpas.scfp.qc.ca\/"},{"@type":"ListItem","position":2,"name":"Entrevue avec Pierre-Guy Sylvestre \u2014 Projet de loi no 3"}]},{"@type":"WebSite","@id":"https:\/\/cpas.scfp.qc.ca\/#website","url":"https:\/\/cpas.scfp.qc.ca\/","name":"Conseil provincial des affaires sociales","description":"Du m\u00e9tier et du c\u0153ur","publisher":{"@id":"https:\/\/cpas.scfp.qc.ca\/#organization"},"alternateName":"CPAS","potentialAction":[{"@type":"SearchAction","target":{"@type":"EntryPoint","urlTemplate":"https:\/\/cpas.scfp.qc.ca\/?s={search_term_string}"},"query-input":{"@type":"PropertyValueSpecification","valueRequired":true,"valueName":"search_term_string"}}],"inLanguage":"fr-FR"},{"@type":"Organization","@id":"https:\/\/cpas.scfp.qc.ca\/#organization","name":"Conseil provincial des affaires sociales","alternateName":"CPAS","url":"https:\/\/cpas.scfp.qc.ca\/","logo":{"@type":"ImageObject","inLanguage":"fr-FR","@id":"https:\/\/cpas.scfp.qc.ca\/#\/schema\/logo\/image\/","url":"https:\/\/cpas.scfp.qc.ca\/wp-content\/uploads\/2023\/12\/logo_cpas_horizontalsignature_rgb.png","contentUrl":"https:\/\/cpas.scfp.qc.ca\/wp-content\/uploads\/2023\/12\/logo_cpas_horizontalsignature_rgb.png","width":1980,"height":1980,"caption":"Conseil provincial des affaires sociales"},"image":{"@id":"https:\/\/cpas.scfp.qc.ca\/#\/schema\/logo\/image\/"},"sameAs":["https:\/\/www.facebook.com\/cpas.scfp","https:\/\/x.com\/RechercheCPAS","https:\/\/www.instagram.com\/cpas_scfp\/","https:\/\/www.linkedin.com\/company\/100101794\/admin\/feed\/posts\/","https:\/\/www.threads.com\/@cpas_scfp","https:\/\/bsky.app\/profile\/cpas-scfp.bsky.social","https:\/\/www.tiktok.com\/@cpasscfp"],"description":"Le Conseil provincial des affaires sociales (CPAS) rassemble plus de 35 000 travailleuses et travailleurs du secteur de la sant\u00e9 et des services sociaux syndiqu\u00e9s aupr\u00e8s du Syndicat canadien de la fonction publique (SCFP).","email":"info@scfpcpas.ca","telephone":"4384766448","legalName":"Conseil provincial des affaires sociales"},{"@type":"Person","@id":"https:\/\/cpas.scfp.qc.ca\/#\/schema\/person\/9c98e2b429ea0566a874567941e1eaaa","name":"admin5012","image":{"@type":"ImageObject","inLanguage":"fr-FR","@id":"https:\/\/secure.gravatar.com\/avatar\/154f1b3fbe53a30b002268b4770a132b86e7bb353da871dbaf3a1b240317a4c3?s=96&d=mm&r=g","url":"https:\/\/secure.gravatar.com\/avatar\/154f1b3fbe53a30b002268b4770a132b86e7bb353da871dbaf3a1b240317a4c3?s=96&d=mm&r=g","contentUrl":"https:\/\/secure.gravatar.com\/avatar\/154f1b3fbe53a30b002268b4770a132b86e7bb353da871dbaf3a1b240317a4c3?s=96&d=mm&r=g","caption":"admin5012"},"sameAs":["http:\/\/cpas.scfp.qc.ca","https:\/\/www.facebook.com\/cpas.scfp","https:\/\/www.instagram.com\/cpas_scfp\/","https:\/\/www.linkedin.com\/company\/conseil-provincial-des-affaires-sociales-cpas-scfp-cupe\/?viewAsMember=true","https:\/\/x.com\/RechercheCPAS"],"url":"https:\/\/cpas.scfp.qc.ca\/?author=1"}]}},"jetpack_featured_media_url":"https:\/\/cpas.scfp.qc.ca\/wp-content\/uploads\/2026\/02\/493058883_122229270728196448_5945576249650032342_n-e1771964379401.jpg","jetpack_sharing_enabled":true,"_links":{"self":[{"href":"https:\/\/cpas.scfp.qc.ca\/index.php?rest_route=\/wp\/v2\/posts\/7093","targetHints":{"allow":["GET"]}}],"collection":[{"href":"https:\/\/cpas.scfp.qc.ca\/index.php?rest_route=\/wp\/v2\/posts"}],"about":[{"href":"https:\/\/cpas.scfp.qc.ca\/index.php?rest_route=\/wp\/v2\/types\/post"}],"author":[{"embeddable":true,"href":"https:\/\/cpas.scfp.qc.ca\/index.php?rest_route=\/wp\/v2\/users\/1"}],"replies":[{"embeddable":true,"href":"https:\/\/cpas.scfp.qc.ca\/index.php?rest_route=%2Fwp%2Fv2%2Fcomments&post=7093"}],"version-history":[{"count":1,"href":"https:\/\/cpas.scfp.qc.ca\/index.php?rest_route=\/wp\/v2\/posts\/7093\/revisions"}],"predecessor-version":[{"id":7094,"href":"https:\/\/cpas.scfp.qc.ca\/index.php?rest_route=\/wp\/v2\/posts\/7093\/revisions\/7094"}],"wp:featuredmedia":[{"embeddable":true,"href":"https:\/\/cpas.scfp.qc.ca\/index.php?rest_route=\/wp\/v2\/media\/7091"}],"wp:attachment":[{"href":"https:\/\/cpas.scfp.qc.ca\/index.php?rest_route=%2Fwp%2Fv2%2Fmedia&parent=7093"}],"wp:term":[{"taxonomy":"category","embeddable":true,"href":"https:\/\/cpas.scfp.qc.ca\/index.php?rest_route=%2Fwp%2Fv2%2Fcategories&post=7093"},{"taxonomy":"post_tag","embeddable":true,"href":"https:\/\/cpas.scfp.qc.ca\/index.php?rest_route=%2Fwp%2Fv2%2Ftags&post=7093"}],"curies":[{"name":"wp","href":"https:\/\/api.w.org\/{rel}","templated":true}]}}