{"id":7088,"date":"2026-03-01T12:00:00","date_gmt":"2026-03-01T17:00:00","guid":{"rendered":"https:\/\/cpas.scfp.qc.ca\/?p=7088"},"modified":"2026-02-24T15:12:51","modified_gmt":"2026-02-24T20:12:51","slug":"2025-26964-network-employees-on-sick-leave","status":"publish","type":"post","link":"https:\/\/cpas.scfp.qc.ca\/?p=7088","title":{"rendered":"2025: 26,964 network employees on sick leave"},"content":{"rendered":"\n<p>Is the good health of health and social service workers a priority?<\/p>\n\n\n\n<p>The report published by the Ministry of Health and Social Servicesi, dated December 27, 2025, indicates that 26,964 employees of the network are on sick leave due to disability (CNESST or other agencies).<\/p>\n\n\n\n<p>Using an average annual salary of $68,000, this represents more than $1.8 billion in costs related to this high level of disability-related work stoppages, not considering the care and services that are not provided to the population.<\/p>\n\n\n\n<p>This corresponds to 2,634 more employees on sick leave since the creation of Sant\u00e9 Qu\u00e9bec, an increase of 10.83% in one year. Disability-related absences now affect 7.8% of workers in the network, nearly double the Quebec average of 4.3%, according to the inactivity rate related to illness or disability published by Statistics Canada for the year 2024ii.<\/p>\n\n\n\n<p>Meanwhile, the site also indicates a reduction of 2,746 people employed by Sant\u00e9 Qu\u00e9bec over the same one-year period.<\/p>\n\n\n\n<p>It is sad to note that, despite the mission of the health and social services network to take care of the population, when it comes to taking care of its own employees, Sant\u00e9 Qu\u00e9bec cuts a poor figure. This is the perfect illustration of the theory of the poorly shod shoemaker.<\/p>\n\n\n\n<p>It is all the more surprising to hear the CEO of Sant\u00e9 Qu\u00e9bec, Ms. Genevi\u00e8ve Biron, say on the program Le Bilan, on January 12, 2026 on LCN,iii that the situation is \u00ab\u00a0stable\u00a0\u00bb, \u00ab\u00a0under control\u00a0\u00bb and that there is \u00ab\u00a0no dramatic rise\u00a0\u00bb, when the figures clearly show the opposite.<\/p>\n\n\n\n<p>In total, there are about 5,300 fewer employees serving a constantly growing Quebec population. If Sant\u00e9 Qu\u00e9bec&rsquo;s management remains in denial and nothing is done quickly to curb this vicious circle, the situation is likely to worsen in the coming months and years.<\/p>\n\n\n\n<p>When the work overload becomes unsustainable due to chronic staff shortages, it is not an aggressive management of absenteeism, neither by the attendance department nor by the human resources department, that will solve the problem. Instead, we need to hire more personnel, with better working conditions, reduce the overwork, and recognize the importance of the workers&rsquo; physical and mental health, by making prevention an operational priority.<\/p>\n\n\n\n<p>Patrick Hall\u00e9<\/p>\n\n\n\n<p><\/p>\n\n\n\n<p class=\"has-small-font-size\">i<a href=\"https:\/\/app.powerbi.com\/viewr=eyJrIjoiOTFmZjc4NzAtMTBkMS00OTE5LWE4YjQtZTIzOTc5NDZjNmZlIiwidCI6IjA2ZTFmZTI4LTVmOGItNDA3NS1iZjZjLWFlMjRiZTFhNzk5MiJ9 \">https:\/\/app.powerbi.com\/viewr=eyJrIjoiOTFmZjc4NzAtMTBkMS00OTE5LWE4YjQtZTIzOTc5NDZjNmZlIiwidCI6IjA2ZTFmZTI4LTVmOGItNDA3NS1iZjZjLWFlMjRiZTFhNzk5MiJ9 <\/a><\/p>\n\n\n\n<p class=\"has-small-font-size\">ii Table 14-10-0390-01 Absence from work among full-time employees, annual, not in the labour force DOI : <a href=\"https:\/\/doi.org\/10.25318\/1410039001-fra \">https:\/\/doi.org\/10.25318\/1410039001-fra <\/a><\/p>\n\n\n\n<p class=\"has-small-font-size\">iii <a href=\"https:\/\/www.tvanouvelles.ca\/2026\/01\/12\/financement-en-sante-les-besoins-sont-tres-grands-quasi-illimites-affirme-la-pdg-de-sante-quebec\">https:\/\/www.tvanouvelles.ca\/2026\/01\/12\/financement-en-sante-les-besoins-sont-tres-grands-quasi-illimites-affirme-la-pdg-de-sante-quebec<\/a><\/p>\n\n\n\n<p><\/p>\n","protected":false},"excerpt":{"rendered":"<p>Is the good health of health and social service workers a priority? The report published by the Ministry of Health and Social Servicesi, dated December 27, 2025, indicates that 26,964 employees of the network are on sick leave due to disability (CNESST or other agencies). Using an average annual salary of $68,000, this represents more than $1.8 billion in costs related to this high level of disability-related work stoppages, not considering the care and services that are not provided to the population. This corresponds to 2,634 more employees on sick leave since the creation of Sant\u00e9 Qu\u00e9bec, an increase of 10.83% in one year. Disability-related absences now affect 7.8% of workers in the network, nearly double the Quebec average of 4.3%, according to the inactivity rate related to illness or disability published by Statistics Canada for the year 2024ii. Meanwhile, the site also indicates a reduction of 2,746 people employed by Sant\u00e9 Qu\u00e9bec over the same one-year period. It is sad to note that, despite the mission of the health and social services network to take care of the population, when it comes to taking care of its own employees, Sant\u00e9 Qu\u00e9bec cuts a poor figure. This is the perfect illustration of the theory of the poorly shod shoemaker. It is all the more surprising to hear the CEO of Sant\u00e9 Qu\u00e9bec, Ms. Genevi\u00e8ve Biron, say on the program Le Bilan, on January 12, 2026 on LCN,iii that the situation is \u00ab\u00a0stable\u00a0\u00bb, \u00ab\u00a0under control\u00a0\u00bb and that there is \u00ab\u00a0no dramatic rise\u00a0\u00bb, when the figures clearly show the opposite. In total, there are about 5,300 fewer employees serving a constantly growing Quebec population. If Sant\u00e9 Qu\u00e9bec&rsquo;s management remains in denial and nothing is done quickly to curb this vicious circle, the situation is likely to worsen in the coming months and years. When the work overload becomes unsustainable due to chronic staff shortages, it is not an aggressive management of absenteeism, neither by the attendance department nor by the human resources department, that will solve the problem. Instead, we need to hire more personnel, with better working conditions, reduce the overwork, and recognize the importance of the workers&rsquo; physical and mental health, by making prevention an operational priority. Patrick Hall\u00e9 ihttps:\/\/app.powerbi.com\/viewr=eyJrIjoiOTFmZjc4NzAtMTBkMS00OTE5LWE4YjQtZTIzOTc5NDZjNmZlIiwidCI6IjA2ZTFmZTI4LTVmOGItNDA3NS1iZjZjLWFlMjRiZTFhNzk5MiJ9 ii Table 14-10-0390-01 Absence from work among full-time employees, annual, not in the labour force DOI : https:\/\/doi.org\/10.25318\/1410039001-fra iii https:\/\/www.tvanouvelles.ca\/2026\/01\/12\/financement-en-sante-les-besoins-sont-tres-grands-quasi-illimites-affirme-la-pdg-de-sante-quebec<\/p>\n","protected":false},"author":1,"featured_media":7086,"comment_status":"open","ping_status":"open","sticky":false,"template":"","format":"standard","meta":{"_eb_attr":"","_jetpack_memberships_contains_paid_content":false,"footnotes":""},"categories":[25],"tags":[],"class_list":["post-7088","post","type-post","status-publish","format-standard","has-post-thumbnail","hentry","category-la-revue"],"yoast_head":"<!-- This site is optimized with the Yoast SEO Premium plugin v27.4 (Yoast SEO v27.4) - https:\/\/yoast.com\/product\/yoast-seo-premium-wordpress\/ -->\n<title>2025: 26,964 network employees on sick leave - Conseil provincial des affaires sociales<\/title>\n<meta name=\"robots\" content=\"index, follow, max-snippet:-1, max-image-preview:large, max-video-preview:-1\" \/>\n<link rel=\"canonical\" href=\"https:\/\/cpas.scfp.qc.ca\/?p=7088\" \/>\n<meta property=\"og:locale\" content=\"fr_FR\" \/>\n<meta property=\"og:type\" content=\"article\" \/>\n<meta property=\"og:title\" content=\"2025: 26,964 network employees on sick leave\" \/>\n<meta property=\"og:description\" content=\"Is the good health of health and social service workers a priority? The report published by the Ministry of Health and Social Servicesi, dated December 27, 2025, indicates that 26,964 employees of the network are on sick leave due to disability (CNESST or other agencies). Using an average annual salary of $68,000, this represents more than $1.8 billion in costs related to this high level of disability-related work stoppages, not considering the care and services that are not provided to the population. This corresponds to 2,634 more employees on sick leave since the creation of Sant\u00e9 Qu\u00e9bec, an increase of 10.83% in one year. Disability-related absences now affect 7.8% of workers in the network, nearly double the Quebec average of 4.3%, according to the inactivity rate related to illness or disability published by Statistics Canada for the year 2024ii. Meanwhile, the site also indicates a reduction of 2,746 people employed by Sant\u00e9 Qu\u00e9bec over the same one-year period. It is sad to note that, despite the mission of the health and social services network to take care of the population, when it comes to taking care of its own employees, Sant\u00e9 Qu\u00e9bec cuts a poor figure. This is the perfect illustration of the theory of the poorly shod shoemaker. It is all the more surprising to hear the CEO of Sant\u00e9 Qu\u00e9bec, Ms. Genevi\u00e8ve Biron, say on the program Le Bilan, on January 12, 2026 on LCN,iii that the situation is \u00ab\u00a0stable\u00a0\u00bb, \u00ab\u00a0under control\u00a0\u00bb and that there is \u00ab\u00a0no dramatic rise\u00a0\u00bb, when the figures clearly show the opposite. In total, there are about 5,300 fewer employees serving a constantly growing Quebec population. If Sant\u00e9 Qu\u00e9bec&rsquo;s management remains in denial and nothing is done quickly to curb this vicious circle, the situation is likely to worsen in the coming months and years. When the work overload becomes unsustainable due to chronic staff shortages, it is not an aggressive management of absenteeism, neither by the attendance department nor by the human resources department, that will solve the problem. Instead, we need to hire more personnel, with better working conditions, reduce the overwork, and recognize the importance of the workers&rsquo; physical and mental health, by making prevention an operational priority. Patrick Hall\u00e9 ihttps:\/\/app.powerbi.com\/viewr=eyJrIjoiOTFmZjc4NzAtMTBkMS00OTE5LWE4YjQtZTIzOTc5NDZjNmZlIiwidCI6IjA2ZTFmZTI4LTVmOGItNDA3NS1iZjZjLWFlMjRiZTFhNzk5MiJ9 ii Table 14-10-0390-01 Absence from work among full-time employees, annual, not in the labour force DOI : https:\/\/doi.org\/10.25318\/1410039001-fra iii https:\/\/www.tvanouvelles.ca\/2026\/01\/12\/financement-en-sante-les-besoins-sont-tres-grands-quasi-illimites-affirme-la-pdg-de-sante-quebec\" \/>\n<meta property=\"og:url\" content=\"https:\/\/cpas.scfp.qc.ca\/?p=7088\" \/>\n<meta property=\"og:site_name\" content=\"Conseil provincial des affaires sociales\" \/>\n<meta property=\"article:publisher\" content=\"https:\/\/www.facebook.com\/cpas.scfp\" \/>\n<meta property=\"article:author\" content=\"https:\/\/www.facebook.com\/cpas.scfp\" \/>\n<meta property=\"article:published_time\" content=\"2026-03-01T17:00:00+00:00\" \/>\n<meta property=\"og:image\" content=\"https:\/\/cpas.scfp.qc.ca\/wp-content\/uploads\/2026\/02\/isabella-fischer-GFKPATimbvM-unsplash-scaled-e1771963791211.jpg\" \/>\n\t<meta property=\"og:image:width\" content=\"698\" \/>\n\t<meta property=\"og:image:height\" content=\"570\" \/>\n\t<meta property=\"og:image:type\" content=\"image\/jpeg\" \/>\n<meta name=\"author\" content=\"admin5012\" \/>\n<meta name=\"twitter:card\" content=\"summary_large_image\" \/>\n<meta name=\"twitter:creator\" content=\"@RechercheCPAS\" \/>\n<meta name=\"twitter:site\" content=\"@RechercheCPAS\" \/>\n<meta name=\"twitter:label1\" content=\"\u00c9crit par\" \/>\n\t<meta name=\"twitter:data1\" content=\"admin5012\" \/>\n\t<meta name=\"twitter:label2\" content=\"Dur\u00e9e de lecture estim\u00e9e\" \/>\n\t<meta name=\"twitter:data2\" content=\"3 minutes\" \/>\n<script type=\"application\/ld+json\" class=\"yoast-schema-graph\">{\"@context\":\"https:\\\/\\\/schema.org\",\"@graph\":[{\"@type\":\"Article\",\"@id\":\"https:\\\/\\\/cpas.scfp.qc.ca\\\/?p=7088#article\",\"isPartOf\":{\"@id\":\"https:\\\/\\\/cpas.scfp.qc.ca\\\/?p=7088\"},\"author\":{\"name\":\"admin5012\",\"@id\":\"https:\\\/\\\/cpas.scfp.qc.ca\\\/#\\\/schema\\\/person\\\/9c98e2b429ea0566a874567941e1eaaa\"},\"headline\":\"2025: 26,964 network employees on sick leave\",\"datePublished\":\"2026-03-01T17:00:00+00:00\",\"mainEntityOfPage\":{\"@id\":\"https:\\\/\\\/cpas.scfp.qc.ca\\\/?p=7088\"},\"wordCount\":414,\"commentCount\":0,\"publisher\":{\"@id\":\"https:\\\/\\\/cpas.scfp.qc.ca\\\/#organization\"},\"image\":{\"@id\":\"https:\\\/\\\/cpas.scfp.qc.ca\\\/?p=7088#primaryimage\"},\"thumbnailUrl\":\"https:\\\/\\\/cpas.scfp.qc.ca\\\/wp-content\\\/uploads\\\/2026\\\/02\\\/isabella-fischer-GFKPATimbvM-unsplash-scaled-e1771963791211.jpg\",\"articleSection\":[\"La Revue\"],\"inLanguage\":\"fr-FR\",\"potentialAction\":[{\"@type\":\"CommentAction\",\"name\":\"Comment\",\"target\":[\"https:\\\/\\\/cpas.scfp.qc.ca\\\/?p=7088#respond\"]}]},{\"@type\":\"WebPage\",\"@id\":\"https:\\\/\\\/cpas.scfp.qc.ca\\\/?p=7088\",\"url\":\"https:\\\/\\\/cpas.scfp.qc.ca\\\/?p=7088\",\"name\":\"2025: 26,964 network employees on sick leave - Conseil provincial des affaires sociales\",\"isPartOf\":{\"@id\":\"https:\\\/\\\/cpas.scfp.qc.ca\\\/#website\"},\"primaryImageOfPage\":{\"@id\":\"https:\\\/\\\/cpas.scfp.qc.ca\\\/?p=7088#primaryimage\"},\"image\":{\"@id\":\"https:\\\/\\\/cpas.scfp.qc.ca\\\/?p=7088#primaryimage\"},\"thumbnailUrl\":\"https:\\\/\\\/cpas.scfp.qc.ca\\\/wp-content\\\/uploads\\\/2026\\\/02\\\/isabella-fischer-GFKPATimbvM-unsplash-scaled-e1771963791211.jpg\",\"datePublished\":\"2026-03-01T17:00:00+00:00\",\"breadcrumb\":{\"@id\":\"https:\\\/\\\/cpas.scfp.qc.ca\\\/?p=7088#breadcrumb\"},\"inLanguage\":\"fr-FR\",\"potentialAction\":[{\"@type\":\"ReadAction\",\"target\":[\"https:\\\/\\\/cpas.scfp.qc.ca\\\/?p=7088\"]}]},{\"@type\":\"ImageObject\",\"inLanguage\":\"fr-FR\",\"@id\":\"https:\\\/\\\/cpas.scfp.qc.ca\\\/?p=7088#primaryimage\",\"url\":\"https:\\\/\\\/cpas.scfp.qc.ca\\\/wp-content\\\/uploads\\\/2026\\\/02\\\/isabella-fischer-GFKPATimbvM-unsplash-scaled-e1771963791211.jpg\",\"contentUrl\":\"https:\\\/\\\/cpas.scfp.qc.ca\\\/wp-content\\\/uploads\\\/2026\\\/02\\\/isabella-fischer-GFKPATimbvM-unsplash-scaled-e1771963791211.jpg\",\"width\":698,\"height\":570},{\"@type\":\"BreadcrumbList\",\"@id\":\"https:\\\/\\\/cpas.scfp.qc.ca\\\/?p=7088#breadcrumb\",\"itemListElement\":[{\"@type\":\"ListItem\",\"position\":1,\"name\":\"Accueil\",\"item\":\"https:\\\/\\\/cpas.scfp.qc.ca\\\/\"},{\"@type\":\"ListItem\",\"position\":2,\"name\":\"2025: 26,964 network employees on sick leave\"}]},{\"@type\":\"WebSite\",\"@id\":\"https:\\\/\\\/cpas.scfp.qc.ca\\\/#website\",\"url\":\"https:\\\/\\\/cpas.scfp.qc.ca\\\/\",\"name\":\"Conseil provincial des affaires sociales\",\"description\":\"Du m\u00e9tier et du c\u0153ur\",\"publisher\":{\"@id\":\"https:\\\/\\\/cpas.scfp.qc.ca\\\/#organization\"},\"alternateName\":\"CPAS\",\"potentialAction\":[{\"@type\":\"SearchAction\",\"target\":{\"@type\":\"EntryPoint\",\"urlTemplate\":\"https:\\\/\\\/cpas.scfp.qc.ca\\\/?s={search_term_string}\"},\"query-input\":{\"@type\":\"PropertyValueSpecification\",\"valueRequired\":true,\"valueName\":\"search_term_string\"}}],\"inLanguage\":\"fr-FR\"},{\"@type\":\"Organization\",\"@id\":\"https:\\\/\\\/cpas.scfp.qc.ca\\\/#organization\",\"name\":\"Conseil provincial des affaires sociales\",\"alternateName\":\"CPAS\",\"url\":\"https:\\\/\\\/cpas.scfp.qc.ca\\\/\",\"logo\":{\"@type\":\"ImageObject\",\"inLanguage\":\"fr-FR\",\"@id\":\"https:\\\/\\\/cpas.scfp.qc.ca\\\/#\\\/schema\\\/logo\\\/image\\\/\",\"url\":\"https:\\\/\\\/cpas.scfp.qc.ca\\\/wp-content\\\/uploads\\\/2023\\\/12\\\/logo_cpas_horizontalsignature_rgb.png\",\"contentUrl\":\"https:\\\/\\\/cpas.scfp.qc.ca\\\/wp-content\\\/uploads\\\/2023\\\/12\\\/logo_cpas_horizontalsignature_rgb.png\",\"width\":1980,\"height\":1980,\"caption\":\"Conseil provincial des affaires sociales\"},\"image\":{\"@id\":\"https:\\\/\\\/cpas.scfp.qc.ca\\\/#\\\/schema\\\/logo\\\/image\\\/\"},\"sameAs\":[\"https:\\\/\\\/www.facebook.com\\\/cpas.scfp\",\"https:\\\/\\\/x.com\\\/RechercheCPAS\",\"https:\\\/\\\/www.instagram.com\\\/cpas_scfp\\\/\",\"https:\\\/\\\/www.linkedin.com\\\/company\\\/100101794\\\/admin\\\/feed\\\/posts\\\/\",\"https:\\\/\\\/www.threads.com\\\/@cpas_scfp\",\"https:\\\/\\\/bsky.app\\\/profile\\\/cpas-scfp.bsky.social\",\"https:\\\/\\\/www.tiktok.com\\\/@cpasscfp\"],\"description\":\"Le Conseil provincial des affaires sociales (CPAS) rassemble plus de 35 000 travailleuses et travailleurs du secteur de la sant\u00e9 et des services sociaux syndiqu\u00e9s aupr\u00e8s du Syndicat canadien de la fonction publique (SCFP).\",\"email\":\"info@scfpcpas.ca\",\"telephone\":\"4384766448\",\"legalName\":\"Conseil provincial des affaires sociales\"},{\"@type\":\"Person\",\"@id\":\"https:\\\/\\\/cpas.scfp.qc.ca\\\/#\\\/schema\\\/person\\\/9c98e2b429ea0566a874567941e1eaaa\",\"name\":\"admin5012\",\"image\":{\"@type\":\"ImageObject\",\"inLanguage\":\"fr-FR\",\"@id\":\"https:\\\/\\\/secure.gravatar.com\\\/avatar\\\/154f1b3fbe53a30b002268b4770a132b86e7bb353da871dbaf3a1b240317a4c3?s=96&d=mm&r=g\",\"url\":\"https:\\\/\\\/secure.gravatar.com\\\/avatar\\\/154f1b3fbe53a30b002268b4770a132b86e7bb353da871dbaf3a1b240317a4c3?s=96&d=mm&r=g\",\"contentUrl\":\"https:\\\/\\\/secure.gravatar.com\\\/avatar\\\/154f1b3fbe53a30b002268b4770a132b86e7bb353da871dbaf3a1b240317a4c3?s=96&d=mm&r=g\",\"caption\":\"admin5012\"},\"sameAs\":[\"http:\\\/\\\/cpas.scfp.qc.ca\",\"https:\\\/\\\/www.facebook.com\\\/cpas.scfp\",\"https:\\\/\\\/www.instagram.com\\\/cpas_scfp\\\/\",\"https:\\\/\\\/www.linkedin.com\\\/company\\\/conseil-provincial-des-affaires-sociales-cpas-scfp-cupe\\\/?viewAsMember=true\",\"https:\\\/\\\/x.com\\\/RechercheCPAS\"],\"url\":\"https:\\\/\\\/cpas.scfp.qc.ca\\\/?author=1\"}]}<\/script>\n<!-- \/ Yoast SEO Premium plugin. -->","yoast_head_json":{"title":"2025: 26,964 network employees on sick leave - Conseil provincial des affaires sociales","robots":{"index":"index","follow":"follow","max-snippet":"max-snippet:-1","max-image-preview":"max-image-preview:large","max-video-preview":"max-video-preview:-1"},"canonical":"https:\/\/cpas.scfp.qc.ca\/?p=7088","og_locale":"fr_FR","og_type":"article","og_title":"2025: 26,964 network employees on sick leave","og_description":"Is the good health of health and social service workers a priority? The report published by the Ministry of Health and Social Servicesi, dated December 27, 2025, indicates that 26,964 employees of the network are on sick leave due to disability (CNESST or other agencies). Using an average annual salary of $68,000, this represents more than $1.8 billion in costs related to this high level of disability-related work stoppages, not considering the care and services that are not provided to the population. This corresponds to 2,634 more employees on sick leave since the creation of Sant\u00e9 Qu\u00e9bec, an increase of 10.83% in one year. Disability-related absences now affect 7.8% of workers in the network, nearly double the Quebec average of 4.3%, according to the inactivity rate related to illness or disability published by Statistics Canada for the year 2024ii. Meanwhile, the site also indicates a reduction of 2,746 people employed by Sant\u00e9 Qu\u00e9bec over the same one-year period. It is sad to note that, despite the mission of the health and social services network to take care of the population, when it comes to taking care of its own employees, Sant\u00e9 Qu\u00e9bec cuts a poor figure. This is the perfect illustration of the theory of the poorly shod shoemaker. It is all the more surprising to hear the CEO of Sant\u00e9 Qu\u00e9bec, Ms. Genevi\u00e8ve Biron, say on the program Le Bilan, on January 12, 2026 on LCN,iii that the situation is \u00ab\u00a0stable\u00a0\u00bb, \u00ab\u00a0under control\u00a0\u00bb and that there is \u00ab\u00a0no dramatic rise\u00a0\u00bb, when the figures clearly show the opposite. In total, there are about 5,300 fewer employees serving a constantly growing Quebec population. If Sant\u00e9 Qu\u00e9bec&rsquo;s management remains in denial and nothing is done quickly to curb this vicious circle, the situation is likely to worsen in the coming months and years. When the work overload becomes unsustainable due to chronic staff shortages, it is not an aggressive management of absenteeism, neither by the attendance department nor by the human resources department, that will solve the problem. Instead, we need to hire more personnel, with better working conditions, reduce the overwork, and recognize the importance of the workers&rsquo; physical and mental health, by making prevention an operational priority. Patrick Hall\u00e9 ihttps:\/\/app.powerbi.com\/viewr=eyJrIjoiOTFmZjc4NzAtMTBkMS00OTE5LWE4YjQtZTIzOTc5NDZjNmZlIiwidCI6IjA2ZTFmZTI4LTVmOGItNDA3NS1iZjZjLWFlMjRiZTFhNzk5MiJ9 ii Table 14-10-0390-01 Absence from work among full-time employees, annual, not in the labour force DOI : https:\/\/doi.org\/10.25318\/1410039001-fra iii https:\/\/www.tvanouvelles.ca\/2026\/01\/12\/financement-en-sante-les-besoins-sont-tres-grands-quasi-illimites-affirme-la-pdg-de-sante-quebec","og_url":"https:\/\/cpas.scfp.qc.ca\/?p=7088","og_site_name":"Conseil provincial des affaires sociales","article_publisher":"https:\/\/www.facebook.com\/cpas.scfp","article_author":"https:\/\/www.facebook.com\/cpas.scfp","article_published_time":"2026-03-01T17:00:00+00:00","og_image":[{"width":698,"height":570,"url":"https:\/\/cpas.scfp.qc.ca\/wp-content\/uploads\/2026\/02\/isabella-fischer-GFKPATimbvM-unsplash-scaled-e1771963791211.jpg","type":"image\/jpeg"}],"author":"admin5012","twitter_card":"summary_large_image","twitter_creator":"@RechercheCPAS","twitter_site":"@RechercheCPAS","twitter_misc":{"\u00c9crit par":"admin5012","Dur\u00e9e de lecture estim\u00e9e":"3 minutes"},"schema":{"@context":"https:\/\/schema.org","@graph":[{"@type":"Article","@id":"https:\/\/cpas.scfp.qc.ca\/?p=7088#article","isPartOf":{"@id":"https:\/\/cpas.scfp.qc.ca\/?p=7088"},"author":{"name":"admin5012","@id":"https:\/\/cpas.scfp.qc.ca\/#\/schema\/person\/9c98e2b429ea0566a874567941e1eaaa"},"headline":"2025: 26,964 network employees on sick leave","datePublished":"2026-03-01T17:00:00+00:00","mainEntityOfPage":{"@id":"https:\/\/cpas.scfp.qc.ca\/?p=7088"},"wordCount":414,"commentCount":0,"publisher":{"@id":"https:\/\/cpas.scfp.qc.ca\/#organization"},"image":{"@id":"https:\/\/cpas.scfp.qc.ca\/?p=7088#primaryimage"},"thumbnailUrl":"https:\/\/cpas.scfp.qc.ca\/wp-content\/uploads\/2026\/02\/isabella-fischer-GFKPATimbvM-unsplash-scaled-e1771963791211.jpg","articleSection":["La Revue"],"inLanguage":"fr-FR","potentialAction":[{"@type":"CommentAction","name":"Comment","target":["https:\/\/cpas.scfp.qc.ca\/?p=7088#respond"]}]},{"@type":"WebPage","@id":"https:\/\/cpas.scfp.qc.ca\/?p=7088","url":"https:\/\/cpas.scfp.qc.ca\/?p=7088","name":"2025: 26,964 network employees on sick leave - Conseil provincial des affaires sociales","isPartOf":{"@id":"https:\/\/cpas.scfp.qc.ca\/#website"},"primaryImageOfPage":{"@id":"https:\/\/cpas.scfp.qc.ca\/?p=7088#primaryimage"},"image":{"@id":"https:\/\/cpas.scfp.qc.ca\/?p=7088#primaryimage"},"thumbnailUrl":"https:\/\/cpas.scfp.qc.ca\/wp-content\/uploads\/2026\/02\/isabella-fischer-GFKPATimbvM-unsplash-scaled-e1771963791211.jpg","datePublished":"2026-03-01T17:00:00+00:00","breadcrumb":{"@id":"https:\/\/cpas.scfp.qc.ca\/?p=7088#breadcrumb"},"inLanguage":"fr-FR","potentialAction":[{"@type":"ReadAction","target":["https:\/\/cpas.scfp.qc.ca\/?p=7088"]}]},{"@type":"ImageObject","inLanguage":"fr-FR","@id":"https:\/\/cpas.scfp.qc.ca\/?p=7088#primaryimage","url":"https:\/\/cpas.scfp.qc.ca\/wp-content\/uploads\/2026\/02\/isabella-fischer-GFKPATimbvM-unsplash-scaled-e1771963791211.jpg","contentUrl":"https:\/\/cpas.scfp.qc.ca\/wp-content\/uploads\/2026\/02\/isabella-fischer-GFKPATimbvM-unsplash-scaled-e1771963791211.jpg","width":698,"height":570},{"@type":"BreadcrumbList","@id":"https:\/\/cpas.scfp.qc.ca\/?p=7088#breadcrumb","itemListElement":[{"@type":"ListItem","position":1,"name":"Accueil","item":"https:\/\/cpas.scfp.qc.ca\/"},{"@type":"ListItem","position":2,"name":"2025: 26,964 network employees on sick leave"}]},{"@type":"WebSite","@id":"https:\/\/cpas.scfp.qc.ca\/#website","url":"https:\/\/cpas.scfp.qc.ca\/","name":"Conseil provincial des affaires sociales","description":"Du m\u00e9tier et du c\u0153ur","publisher":{"@id":"https:\/\/cpas.scfp.qc.ca\/#organization"},"alternateName":"CPAS","potentialAction":[{"@type":"SearchAction","target":{"@type":"EntryPoint","urlTemplate":"https:\/\/cpas.scfp.qc.ca\/?s={search_term_string}"},"query-input":{"@type":"PropertyValueSpecification","valueRequired":true,"valueName":"search_term_string"}}],"inLanguage":"fr-FR"},{"@type":"Organization","@id":"https:\/\/cpas.scfp.qc.ca\/#organization","name":"Conseil provincial des affaires sociales","alternateName":"CPAS","url":"https:\/\/cpas.scfp.qc.ca\/","logo":{"@type":"ImageObject","inLanguage":"fr-FR","@id":"https:\/\/cpas.scfp.qc.ca\/#\/schema\/logo\/image\/","url":"https:\/\/cpas.scfp.qc.ca\/wp-content\/uploads\/2023\/12\/logo_cpas_horizontalsignature_rgb.png","contentUrl":"https:\/\/cpas.scfp.qc.ca\/wp-content\/uploads\/2023\/12\/logo_cpas_horizontalsignature_rgb.png","width":1980,"height":1980,"caption":"Conseil provincial des affaires sociales"},"image":{"@id":"https:\/\/cpas.scfp.qc.ca\/#\/schema\/logo\/image\/"},"sameAs":["https:\/\/www.facebook.com\/cpas.scfp","https:\/\/x.com\/RechercheCPAS","https:\/\/www.instagram.com\/cpas_scfp\/","https:\/\/www.linkedin.com\/company\/100101794\/admin\/feed\/posts\/","https:\/\/www.threads.com\/@cpas_scfp","https:\/\/bsky.app\/profile\/cpas-scfp.bsky.social","https:\/\/www.tiktok.com\/@cpasscfp"],"description":"Le Conseil provincial des affaires sociales (CPAS) rassemble plus de 35 000 travailleuses et travailleurs du secteur de la sant\u00e9 et des services sociaux syndiqu\u00e9s aupr\u00e8s du Syndicat canadien de la fonction publique (SCFP).","email":"info@scfpcpas.ca","telephone":"4384766448","legalName":"Conseil provincial des affaires sociales"},{"@type":"Person","@id":"https:\/\/cpas.scfp.qc.ca\/#\/schema\/person\/9c98e2b429ea0566a874567941e1eaaa","name":"admin5012","image":{"@type":"ImageObject","inLanguage":"fr-FR","@id":"https:\/\/secure.gravatar.com\/avatar\/154f1b3fbe53a30b002268b4770a132b86e7bb353da871dbaf3a1b240317a4c3?s=96&d=mm&r=g","url":"https:\/\/secure.gravatar.com\/avatar\/154f1b3fbe53a30b002268b4770a132b86e7bb353da871dbaf3a1b240317a4c3?s=96&d=mm&r=g","contentUrl":"https:\/\/secure.gravatar.com\/avatar\/154f1b3fbe53a30b002268b4770a132b86e7bb353da871dbaf3a1b240317a4c3?s=96&d=mm&r=g","caption":"admin5012"},"sameAs":["http:\/\/cpas.scfp.qc.ca","https:\/\/www.facebook.com\/cpas.scfp","https:\/\/www.instagram.com\/cpas_scfp\/","https:\/\/www.linkedin.com\/company\/conseil-provincial-des-affaires-sociales-cpas-scfp-cupe\/?viewAsMember=true","https:\/\/x.com\/RechercheCPAS"],"url":"https:\/\/cpas.scfp.qc.ca\/?author=1"}]}},"jetpack_featured_media_url":"https:\/\/cpas.scfp.qc.ca\/wp-content\/uploads\/2026\/02\/isabella-fischer-GFKPATimbvM-unsplash-scaled-e1771963791211.jpg","jetpack_sharing_enabled":true,"_links":{"self":[{"href":"https:\/\/cpas.scfp.qc.ca\/index.php?rest_route=\/wp\/v2\/posts\/7088","targetHints":{"allow":["GET"]}}],"collection":[{"href":"https:\/\/cpas.scfp.qc.ca\/index.php?rest_route=\/wp\/v2\/posts"}],"about":[{"href":"https:\/\/cpas.scfp.qc.ca\/index.php?rest_route=\/wp\/v2\/types\/post"}],"author":[{"embeddable":true,"href":"https:\/\/cpas.scfp.qc.ca\/index.php?rest_route=\/wp\/v2\/users\/1"}],"replies":[{"embeddable":true,"href":"https:\/\/cpas.scfp.qc.ca\/index.php?rest_route=%2Fwp%2Fv2%2Fcomments&post=7088"}],"version-history":[{"count":1,"href":"https:\/\/cpas.scfp.qc.ca\/index.php?rest_route=\/wp\/v2\/posts\/7088\/revisions"}],"predecessor-version":[{"id":7089,"href":"https:\/\/cpas.scfp.qc.ca\/index.php?rest_route=\/wp\/v2\/posts\/7088\/revisions\/7089"}],"wp:featuredmedia":[{"embeddable":true,"href":"https:\/\/cpas.scfp.qc.ca\/index.php?rest_route=\/wp\/v2\/media\/7086"}],"wp:attachment":[{"href":"https:\/\/cpas.scfp.qc.ca\/index.php?rest_route=%2Fwp%2Fv2%2Fmedia&parent=7088"}],"wp:term":[{"taxonomy":"category","embeddable":true,"href":"https:\/\/cpas.scfp.qc.ca\/index.php?rest_route=%2Fwp%2Fv2%2Fcategories&post=7088"},{"taxonomy":"post_tag","embeddable":true,"href":"https:\/\/cpas.scfp.qc.ca\/index.php?rest_route=%2Fwp%2Fv2%2Ftags&post=7088"}],"curies":[{"name":"wp","href":"https:\/\/api.w.org\/{rel}","templated":true}]}}