{"id":7085,"date":"2026-03-01T12:00:00","date_gmt":"2026-03-01T17:00:00","guid":{"rendered":"https:\/\/cpas.scfp.qc.ca\/?p=7085"},"modified":"2026-02-24T15:02:08","modified_gmt":"2026-02-24T20:02:08","slug":"2025-26-964-employes-du-reseau-en-arret-de-maladie","status":"publish","type":"post","link":"https:\/\/cpas.scfp.qc.ca\/?p=7085","title":{"rendered":"2025 : 26 964 employ\u00e9s du r\u00e9seau en arr\u00eat de maladie"},"content":{"rendered":"\n<p>Que vaut la bonne sant\u00e9 des travailleuses et des travailleurs de la sant\u00e9 et des services sociaux?<\/p>\n\n\n\n<p>Le rapport publi\u00e9 sur le tableau de bord du minist\u00e8re de la Sant\u00e9 et des Services sociauxi, en date du 27 d\u00e9cembre 2025, indique que 26 964 employ\u00e9s du r\u00e9seau sont en arr\u00eat de travail pour invalidit\u00e9 (CNESST ou autres).<\/p>\n\n\n\n<p>En extrapolant \u00e0 partir d\u2019un salaire moyen annuel de 68 000 $, cela repr\u00e9sente plus de 1,8 milliard de dollars en co\u00fbts li\u00e9s \u00e0 ce niveau \u00e9lev\u00e9 d\u2019arr\u00eats de travail pour invalidit\u00e9 et ce, sans m\u00eame tenir compte des soins et des services qui ne sont pas rendus \u00e0 la population.<\/p>\n\n\n\n<p>Cela correspond \u00e0 2 634 employ\u00e9s de plus en arr\u00eat de travail pour maladie depuis la cr\u00e9ation de Sant\u00e9 Qu\u00e9bec, soit une hausse de 10,83 % en un an. Les absences pour invalidit\u00e9 touchent d\u00e9sormais 7,8 % des travailleurs du r\u00e9seau, soit pr\u00e8s du double de la moyenne qu\u00e9b\u00e9coise de 4,3 %, selon le taux d\u2019inactivit\u00e9 li\u00e9 \u00e0 une maladie ou \u00e0 une incapacit\u00e9 publi\u00e9e par Statistique Canada pour l\u2019ann\u00e9e 2024ii.<\/p>\n\n\n\n<p>Pendant ce temps, ce m\u00eame tableau de bord indique une baisse de 2 746 personnes \u00e0 l\u2019emploi de Sant\u00e9 Qu\u00e9bec sur la m\u00eame p\u00e9riode d\u2019un an.<\/p>\n\n\n\n<p>Il est d\u00e9solant de constater que, malgr\u00e9 la mission du r\u00e9seau de la sant\u00e9 et des services sociaux de prendre soin de la population, lorsqu\u2019il est question de prendre soin de ses propres employ\u00e9s, Sant\u00e9 Qu\u00e9bec fait pi\u00e8tre figure. C\u2019est la parfaite illustration de la th\u00e9orie du cordonnier mal chauss\u00e9.<\/p>\n\n\n\n<p>Il est d\u2019autant plus surprenant d\u2019entendre la PDG de Sant\u00e9 Qu\u00e9bec, madame Genevi\u00e8ve Biron, affirmer \u00e0 l\u2019\u00e9mission Le Bilan, le 12 janvier 2026 \u00e0 LCNiii, que la situation est \u00ab stable \u00bb, \u00ab sous contr\u00f4le \u00bb et qu\u2019il n\u2019y a \u00ab pas d\u2019augmentation fulgurante \u00bb, alors que les chiffres d\u00e9montrent clairement l\u2019inverse.<\/p>\n\n\n\n<p>Au total, ce sont plus de 5 300 employ\u00e9s de moins pour desservir une population qu\u00e9b\u00e9coise pourtant en constante croissance. Si la direction de Sant\u00e9 Qu\u00e9bec demeure dans le d\u00e9ni et que rien n\u2019est fait rapidement pour freiner ce cercle vicieux, la situation risque de s\u2019aggraver au cours des prochains mois et des prochaines ann\u00e9es.<\/p>\n\n\n\n<p>Lorsque la surcharge de travail devient insoutenable en raison du manque chronique de personnel, ce n\u2019est pas une gestion agressive des absences, ni par le service de la pr\u00e9sence au travail ni par la direction des ressources humaines, qui r\u00e9glera le probl\u00e8me. Il faut plut\u00f4t des embauches r\u00e9elles, de meilleures conditions de travail, une r\u00e9duction de la surcharge, ainsi qu\u2019une v\u00e9ritable reconnaissance de l\u2019importance de la sant\u00e9 physique et mentale des travailleuses et des travailleurs, en faisant de la pr\u00e9vention une priorit\u00e9 op\u00e9rationnelle.<\/p>\n\n\n\n<p>Patrick Hall\u00e9<\/p>\n\n\n\n<p class=\"has-small-font-size\">i<a href=\"https:\/\/app.powerbi.com\/viewr=eyJrIjoiOTFmZjc4NzAtMTBkMS00OTE5LWE4YjQtZTIzOTc5NDZjNmZlIiwidCI6IjA2ZTFmZTI4LTVmOGItNDA3NS1iZjZjLWFlMjRiZTFhNzk5MiJ9 \">https:\/\/app.powerbi.com\/viewr=eyJrIjoiOTFmZjc4NzAtMTBkMS00OTE5LWE4YjQtZTIzOTc5NDZjNmZlIiwidCI6IjA2ZTFmZTI4LTVmOGItNDA3NS1iZjZjLWFlMjRiZTFhNzk5MiJ9 <\/a><\/p>\n\n\n\n<p class=\"has-small-font-size\">ii Tableau 14-10-0390-01 Absence du travail chez les employ\u00e9s \u00e0 temps plein, donn\u00e9es annuelles, inactif DOI : <a href=\"https:\/\/doi.org\/10.25318\/1410039001-fra \">https:\/\/doi.org\/10.25318\/1410039001-fra <\/a><\/p>\n\n\n\n<p class=\"has-small-font-size\">iii <a href=\"https:\/\/www.tvanouvelles.ca\/2026\/01\/12\/financement-en-sante-les-besoins-sont-tres-grands-quasi-illimites-affirme-la-pdg-de-sante-quebec\">https:\/\/www.tvanouvelles.ca\/2026\/01\/12\/financement-en-sante-les-besoins-sont-tres-grands-quasi-illimites-affirme-la-pdg-de-sante-quebec<\/a><\/p>\n\n\n\n<p><\/p>\n","protected":false},"excerpt":{"rendered":"<p>Que vaut la bonne sant\u00e9 des travailleuses et des travailleurs de la sant\u00e9 et des services sociaux? Le rapport publi\u00e9 sur le tableau de bord du minist\u00e8re de la Sant\u00e9 et des Services sociauxi, en date du 27 d\u00e9cembre 2025, indique que 26 964 employ\u00e9s du r\u00e9seau sont en arr\u00eat de travail pour invalidit\u00e9 (CNESST ou autres). En extrapolant \u00e0 partir d\u2019un salaire moyen annuel de 68 000 $, cela repr\u00e9sente plus de 1,8 milliard de dollars en co\u00fbts li\u00e9s \u00e0 ce niveau \u00e9lev\u00e9 d\u2019arr\u00eats de travail pour invalidit\u00e9 et ce, sans m\u00eame tenir compte des soins et des services qui ne sont pas rendus \u00e0 la population. Cela correspond \u00e0 2 634 employ\u00e9s de plus en arr\u00eat de travail pour maladie depuis la cr\u00e9ation de Sant\u00e9 Qu\u00e9bec, soit une hausse de 10,83 % en un an. Les absences pour invalidit\u00e9 touchent d\u00e9sormais 7,8 % des travailleurs du r\u00e9seau, soit pr\u00e8s du double de la moyenne qu\u00e9b\u00e9coise de 4,3 %, selon le taux d\u2019inactivit\u00e9 li\u00e9 \u00e0 une maladie ou \u00e0 une incapacit\u00e9 publi\u00e9e par Statistique Canada pour l\u2019ann\u00e9e 2024ii. Pendant ce temps, ce m\u00eame tableau de bord indique une baisse de 2 746 personnes \u00e0 l\u2019emploi de Sant\u00e9 Qu\u00e9bec sur la m\u00eame p\u00e9riode d\u2019un an. Il est d\u00e9solant de constater que, malgr\u00e9 la mission du r\u00e9seau de la sant\u00e9 et des services sociaux de prendre soin de la population, lorsqu\u2019il est question de prendre soin de ses propres employ\u00e9s, Sant\u00e9 Qu\u00e9bec fait pi\u00e8tre figure. C\u2019est la parfaite illustration de la th\u00e9orie du cordonnier mal chauss\u00e9. Il est d\u2019autant plus surprenant d\u2019entendre la PDG de Sant\u00e9 Qu\u00e9bec, madame Genevi\u00e8ve Biron, affirmer \u00e0 l\u2019\u00e9mission Le Bilan, le 12 janvier 2026 \u00e0 LCNiii, que la situation est \u00ab stable \u00bb, \u00ab sous contr\u00f4le \u00bb et qu\u2019il n\u2019y a \u00ab pas d\u2019augmentation fulgurante \u00bb, alors que les chiffres d\u00e9montrent clairement l\u2019inverse. Au total, ce sont plus de 5 300 employ\u00e9s de moins pour desservir une population qu\u00e9b\u00e9coise pourtant en constante croissance. Si la direction de Sant\u00e9 Qu\u00e9bec demeure dans le d\u00e9ni et que rien n\u2019est fait rapidement pour freiner ce cercle vicieux, la situation risque de s\u2019aggraver au cours des prochains mois et des prochaines ann\u00e9es. Lorsque la surcharge de travail devient insoutenable en raison du manque chronique de personnel, ce n\u2019est pas une gestion agressive des absences, ni par le service de la pr\u00e9sence au travail ni par la direction des ressources humaines, qui r\u00e9glera le probl\u00e8me. Il faut plut\u00f4t des embauches r\u00e9elles, de meilleures conditions de travail, une r\u00e9duction de la surcharge, ainsi qu\u2019une v\u00e9ritable reconnaissance de l\u2019importance de la sant\u00e9 physique et mentale des travailleuses et des travailleurs, en faisant de la pr\u00e9vention une priorit\u00e9 op\u00e9rationnelle. Patrick Hall\u00e9 ihttps:\/\/app.powerbi.com\/viewr=eyJrIjoiOTFmZjc4NzAtMTBkMS00OTE5LWE4YjQtZTIzOTc5NDZjNmZlIiwidCI6IjA2ZTFmZTI4LTVmOGItNDA3NS1iZjZjLWFlMjRiZTFhNzk5MiJ9 ii Tableau 14-10-0390-01 Absence du travail chez les employ\u00e9s \u00e0 temps plein, donn\u00e9es annuelles, inactif DOI : https:\/\/doi.org\/10.25318\/1410039001-fra iii https:\/\/www.tvanouvelles.ca\/2026\/01\/12\/financement-en-sante-les-besoins-sont-tres-grands-quasi-illimites-affirme-la-pdg-de-sante-quebec<\/p>\n","protected":false},"author":1,"featured_media":7086,"comment_status":"open","ping_status":"open","sticky":false,"template":"","format":"standard","meta":{"_eb_attr":"","_jetpack_memberships_contains_paid_content":false,"footnotes":""},"categories":[25],"tags":[],"class_list":["post-7085","post","type-post","status-publish","format-standard","has-post-thumbnail","hentry","category-la-revue"],"yoast_head":"<!-- This site is optimized with the Yoast SEO Premium plugin v27.4 (Yoast SEO v27.5) - https:\/\/yoast.com\/product\/yoast-seo-premium-wordpress\/ -->\n<title>2025 : 26 964 employ\u00e9s du r\u00e9seau en arr\u00eat de maladie - Conseil provincial des affaires sociales<\/title>\n<meta name=\"robots\" content=\"index, follow, max-snippet:-1, max-image-preview:large, max-video-preview:-1\" \/>\n<link rel=\"canonical\" href=\"https:\/\/cpas.scfp.qc.ca\/?p=7085\" \/>\n<meta property=\"og:locale\" content=\"fr_FR\" \/>\n<meta property=\"og:type\" content=\"article\" \/>\n<meta property=\"og:title\" content=\"2025 : 26 964 employ\u00e9s du r\u00e9seau en arr\u00eat de maladie\" \/>\n<meta property=\"og:description\" content=\"Que vaut la bonne sant\u00e9 des travailleuses et des travailleurs de la sant\u00e9 et des services sociaux? Le rapport publi\u00e9 sur le tableau de bord du minist\u00e8re de la Sant\u00e9 et des Services sociauxi, en date du 27 d\u00e9cembre 2025, indique que 26 964 employ\u00e9s du r\u00e9seau sont en arr\u00eat de travail pour invalidit\u00e9 (CNESST ou autres). En extrapolant \u00e0 partir d\u2019un salaire moyen annuel de 68 000 $, cela repr\u00e9sente plus de 1,8 milliard de dollars en co\u00fbts li\u00e9s \u00e0 ce niveau \u00e9lev\u00e9 d\u2019arr\u00eats de travail pour invalidit\u00e9 et ce, sans m\u00eame tenir compte des soins et des services qui ne sont pas rendus \u00e0 la population. Cela correspond \u00e0 2 634 employ\u00e9s de plus en arr\u00eat de travail pour maladie depuis la cr\u00e9ation de Sant\u00e9 Qu\u00e9bec, soit une hausse de 10,83 % en un an. Les absences pour invalidit\u00e9 touchent d\u00e9sormais 7,8 % des travailleurs du r\u00e9seau, soit pr\u00e8s du double de la moyenne qu\u00e9b\u00e9coise de 4,3 %, selon le taux d\u2019inactivit\u00e9 li\u00e9 \u00e0 une maladie ou \u00e0 une incapacit\u00e9 publi\u00e9e par Statistique Canada pour l\u2019ann\u00e9e 2024ii. Pendant ce temps, ce m\u00eame tableau de bord indique une baisse de 2 746 personnes \u00e0 l\u2019emploi de Sant\u00e9 Qu\u00e9bec sur la m\u00eame p\u00e9riode d\u2019un an. Il est d\u00e9solant de constater que, malgr\u00e9 la mission du r\u00e9seau de la sant\u00e9 et des services sociaux de prendre soin de la population, lorsqu\u2019il est question de prendre soin de ses propres employ\u00e9s, Sant\u00e9 Qu\u00e9bec fait pi\u00e8tre figure. C\u2019est la parfaite illustration de la th\u00e9orie du cordonnier mal chauss\u00e9. Il est d\u2019autant plus surprenant d\u2019entendre la PDG de Sant\u00e9 Qu\u00e9bec, madame Genevi\u00e8ve Biron, affirmer \u00e0 l\u2019\u00e9mission Le Bilan, le 12 janvier 2026 \u00e0 LCNiii, que la situation est \u00ab stable \u00bb, \u00ab sous contr\u00f4le \u00bb et qu\u2019il n\u2019y a \u00ab pas d\u2019augmentation fulgurante \u00bb, alors que les chiffres d\u00e9montrent clairement l\u2019inverse. Au total, ce sont plus de 5 300 employ\u00e9s de moins pour desservir une population qu\u00e9b\u00e9coise pourtant en constante croissance. Si la direction de Sant\u00e9 Qu\u00e9bec demeure dans le d\u00e9ni et que rien n\u2019est fait rapidement pour freiner ce cercle vicieux, la situation risque de s\u2019aggraver au cours des prochains mois et des prochaines ann\u00e9es. Lorsque la surcharge de travail devient insoutenable en raison du manque chronique de personnel, ce n\u2019est pas une gestion agressive des absences, ni par le service de la pr\u00e9sence au travail ni par la direction des ressources humaines, qui r\u00e9glera le probl\u00e8me. Il faut plut\u00f4t des embauches r\u00e9elles, de meilleures conditions de travail, une r\u00e9duction de la surcharge, ainsi qu\u2019une v\u00e9ritable reconnaissance de l\u2019importance de la sant\u00e9 physique et mentale des travailleuses et des travailleurs, en faisant de la pr\u00e9vention une priorit\u00e9 op\u00e9rationnelle. Patrick Hall\u00e9 ihttps:\/\/app.powerbi.com\/viewr=eyJrIjoiOTFmZjc4NzAtMTBkMS00OTE5LWE4YjQtZTIzOTc5NDZjNmZlIiwidCI6IjA2ZTFmZTI4LTVmOGItNDA3NS1iZjZjLWFlMjRiZTFhNzk5MiJ9 ii Tableau 14-10-0390-01 Absence du travail chez les employ\u00e9s \u00e0 temps plein, donn\u00e9es annuelles, inactif DOI : https:\/\/doi.org\/10.25318\/1410039001-fra iii https:\/\/www.tvanouvelles.ca\/2026\/01\/12\/financement-en-sante-les-besoins-sont-tres-grands-quasi-illimites-affirme-la-pdg-de-sante-quebec\" \/>\n<meta property=\"og:url\" content=\"https:\/\/cpas.scfp.qc.ca\/?p=7085\" \/>\n<meta property=\"og:site_name\" content=\"Conseil provincial des affaires sociales\" \/>\n<meta property=\"article:publisher\" content=\"https:\/\/www.facebook.com\/cpas.scfp\" \/>\n<meta property=\"article:author\" content=\"https:\/\/www.facebook.com\/cpas.scfp\" \/>\n<meta property=\"article:published_time\" content=\"2026-03-01T17:00:00+00:00\" \/>\n<meta property=\"og:image\" content=\"https:\/\/cpas.scfp.qc.ca\/wp-content\/uploads\/2026\/02\/isabella-fischer-GFKPATimbvM-unsplash-scaled-e1771963791211.jpg\" \/>\n\t<meta property=\"og:image:width\" content=\"698\" \/>\n\t<meta property=\"og:image:height\" content=\"570\" \/>\n\t<meta property=\"og:image:type\" content=\"image\/jpeg\" \/>\n<meta name=\"author\" content=\"admin5012\" \/>\n<meta name=\"twitter:card\" content=\"summary_large_image\" \/>\n<meta name=\"twitter:creator\" content=\"@RechercheCPAS\" \/>\n<meta name=\"twitter:site\" content=\"@RechercheCPAS\" \/>\n<meta name=\"twitter:label1\" content=\"\u00c9crit par\" \/>\n\t<meta name=\"twitter:data1\" content=\"admin5012\" \/>\n\t<meta name=\"twitter:label2\" content=\"Dur\u00e9e de lecture estim\u00e9e\" \/>\n\t<meta name=\"twitter:data2\" content=\"3 minutes\" \/>\n<script type=\"application\/ld+json\" class=\"yoast-schema-graph\">{\"@context\":\"https:\\\/\\\/schema.org\",\"@graph\":[{\"@type\":\"Article\",\"@id\":\"https:\\\/\\\/cpas.scfp.qc.ca\\\/?p=7085#article\",\"isPartOf\":{\"@id\":\"https:\\\/\\\/cpas.scfp.qc.ca\\\/?p=7085\"},\"author\":{\"name\":\"admin5012\",\"@id\":\"https:\\\/\\\/cpas.scfp.qc.ca\\\/#\\\/schema\\\/person\\\/9c98e2b429ea0566a874567941e1eaaa\"},\"headline\":\"2025 : 26 964 employ\u00e9s du r\u00e9seau en arr\u00eat de maladie\",\"datePublished\":\"2026-03-01T17:00:00+00:00\",\"mainEntityOfPage\":{\"@id\":\"https:\\\/\\\/cpas.scfp.qc.ca\\\/?p=7085\"},\"wordCount\":536,\"commentCount\":0,\"publisher\":{\"@id\":\"https:\\\/\\\/cpas.scfp.qc.ca\\\/#organization\"},\"image\":{\"@id\":\"https:\\\/\\\/cpas.scfp.qc.ca\\\/?p=7085#primaryimage\"},\"thumbnailUrl\":\"https:\\\/\\\/cpas.scfp.qc.ca\\\/wp-content\\\/uploads\\\/2026\\\/02\\\/isabella-fischer-GFKPATimbvM-unsplash-scaled-e1771963791211.jpg\",\"articleSection\":[\"La Revue\"],\"inLanguage\":\"fr-FR\",\"potentialAction\":[{\"@type\":\"CommentAction\",\"name\":\"Comment\",\"target\":[\"https:\\\/\\\/cpas.scfp.qc.ca\\\/?p=7085#respond\"]}]},{\"@type\":\"WebPage\",\"@id\":\"https:\\\/\\\/cpas.scfp.qc.ca\\\/?p=7085\",\"url\":\"https:\\\/\\\/cpas.scfp.qc.ca\\\/?p=7085\",\"name\":\"2025 : 26 964 employ\u00e9s du r\u00e9seau en arr\u00eat de maladie - Conseil provincial des affaires sociales\",\"isPartOf\":{\"@id\":\"https:\\\/\\\/cpas.scfp.qc.ca\\\/#website\"},\"primaryImageOfPage\":{\"@id\":\"https:\\\/\\\/cpas.scfp.qc.ca\\\/?p=7085#primaryimage\"},\"image\":{\"@id\":\"https:\\\/\\\/cpas.scfp.qc.ca\\\/?p=7085#primaryimage\"},\"thumbnailUrl\":\"https:\\\/\\\/cpas.scfp.qc.ca\\\/wp-content\\\/uploads\\\/2026\\\/02\\\/isabella-fischer-GFKPATimbvM-unsplash-scaled-e1771963791211.jpg\",\"datePublished\":\"2026-03-01T17:00:00+00:00\",\"breadcrumb\":{\"@id\":\"https:\\\/\\\/cpas.scfp.qc.ca\\\/?p=7085#breadcrumb\"},\"inLanguage\":\"fr-FR\",\"potentialAction\":[{\"@type\":\"ReadAction\",\"target\":[\"https:\\\/\\\/cpas.scfp.qc.ca\\\/?p=7085\"]}]},{\"@type\":\"ImageObject\",\"inLanguage\":\"fr-FR\",\"@id\":\"https:\\\/\\\/cpas.scfp.qc.ca\\\/?p=7085#primaryimage\",\"url\":\"https:\\\/\\\/cpas.scfp.qc.ca\\\/wp-content\\\/uploads\\\/2026\\\/02\\\/isabella-fischer-GFKPATimbvM-unsplash-scaled-e1771963791211.jpg\",\"contentUrl\":\"https:\\\/\\\/cpas.scfp.qc.ca\\\/wp-content\\\/uploads\\\/2026\\\/02\\\/isabella-fischer-GFKPATimbvM-unsplash-scaled-e1771963791211.jpg\",\"width\":698,\"height\":570},{\"@type\":\"BreadcrumbList\",\"@id\":\"https:\\\/\\\/cpas.scfp.qc.ca\\\/?p=7085#breadcrumb\",\"itemListElement\":[{\"@type\":\"ListItem\",\"position\":1,\"name\":\"Accueil\",\"item\":\"https:\\\/\\\/cpas.scfp.qc.ca\\\/\"},{\"@type\":\"ListItem\",\"position\":2,\"name\":\"2025 : 26 964 employ\u00e9s du r\u00e9seau en arr\u00eat de maladie\"}]},{\"@type\":\"WebSite\",\"@id\":\"https:\\\/\\\/cpas.scfp.qc.ca\\\/#website\",\"url\":\"https:\\\/\\\/cpas.scfp.qc.ca\\\/\",\"name\":\"Conseil provincial des affaires sociales\",\"description\":\"Du m\u00e9tier et du c\u0153ur\",\"publisher\":{\"@id\":\"https:\\\/\\\/cpas.scfp.qc.ca\\\/#organization\"},\"alternateName\":\"CPAS\",\"potentialAction\":[{\"@type\":\"SearchAction\",\"target\":{\"@type\":\"EntryPoint\",\"urlTemplate\":\"https:\\\/\\\/cpas.scfp.qc.ca\\\/?s={search_term_string}\"},\"query-input\":{\"@type\":\"PropertyValueSpecification\",\"valueRequired\":true,\"valueName\":\"search_term_string\"}}],\"inLanguage\":\"fr-FR\"},{\"@type\":\"Organization\",\"@id\":\"https:\\\/\\\/cpas.scfp.qc.ca\\\/#organization\",\"name\":\"Conseil provincial des affaires sociales\",\"alternateName\":\"CPAS\",\"url\":\"https:\\\/\\\/cpas.scfp.qc.ca\\\/\",\"logo\":{\"@type\":\"ImageObject\",\"inLanguage\":\"fr-FR\",\"@id\":\"https:\\\/\\\/cpas.scfp.qc.ca\\\/#\\\/schema\\\/logo\\\/image\\\/\",\"url\":\"https:\\\/\\\/cpas.scfp.qc.ca\\\/wp-content\\\/uploads\\\/2023\\\/12\\\/logo_cpas_horizontalsignature_rgb.png\",\"contentUrl\":\"https:\\\/\\\/cpas.scfp.qc.ca\\\/wp-content\\\/uploads\\\/2023\\\/12\\\/logo_cpas_horizontalsignature_rgb.png\",\"width\":1980,\"height\":1980,\"caption\":\"Conseil provincial des affaires sociales\"},\"image\":{\"@id\":\"https:\\\/\\\/cpas.scfp.qc.ca\\\/#\\\/schema\\\/logo\\\/image\\\/\"},\"sameAs\":[\"https:\\\/\\\/www.facebook.com\\\/cpas.scfp\",\"https:\\\/\\\/x.com\\\/RechercheCPAS\",\"https:\\\/\\\/www.instagram.com\\\/cpas_scfp\\\/\",\"https:\\\/\\\/www.linkedin.com\\\/company\\\/100101794\\\/admin\\\/feed\\\/posts\\\/\",\"https:\\\/\\\/www.threads.com\\\/@cpas_scfp\",\"https:\\\/\\\/bsky.app\\\/profile\\\/cpas-scfp.bsky.social\",\"https:\\\/\\\/www.tiktok.com\\\/@cpasscfp\"],\"description\":\"Le Conseil provincial des affaires sociales (CPAS) rassemble plus de 35 000 travailleuses et travailleurs du secteur de la sant\u00e9 et des services sociaux syndiqu\u00e9s aupr\u00e8s du Syndicat canadien de la fonction publique (SCFP).\",\"email\":\"info@scfpcpas.ca\",\"telephone\":\"4384766448\",\"legalName\":\"Conseil provincial des affaires sociales\"},{\"@type\":\"Person\",\"@id\":\"https:\\\/\\\/cpas.scfp.qc.ca\\\/#\\\/schema\\\/person\\\/9c98e2b429ea0566a874567941e1eaaa\",\"name\":\"admin5012\",\"image\":{\"@type\":\"ImageObject\",\"inLanguage\":\"fr-FR\",\"@id\":\"https:\\\/\\\/secure.gravatar.com\\\/avatar\\\/154f1b3fbe53a30b002268b4770a132b86e7bb353da871dbaf3a1b240317a4c3?s=96&d=mm&r=g\",\"url\":\"https:\\\/\\\/secure.gravatar.com\\\/avatar\\\/154f1b3fbe53a30b002268b4770a132b86e7bb353da871dbaf3a1b240317a4c3?s=96&d=mm&r=g\",\"contentUrl\":\"https:\\\/\\\/secure.gravatar.com\\\/avatar\\\/154f1b3fbe53a30b002268b4770a132b86e7bb353da871dbaf3a1b240317a4c3?s=96&d=mm&r=g\",\"caption\":\"admin5012\"},\"sameAs\":[\"http:\\\/\\\/cpas.scfp.qc.ca\",\"https:\\\/\\\/www.facebook.com\\\/cpas.scfp\",\"https:\\\/\\\/www.instagram.com\\\/cpas_scfp\\\/\",\"https:\\\/\\\/www.linkedin.com\\\/company\\\/conseil-provincial-des-affaires-sociales-cpas-scfp-cupe\\\/?viewAsMember=true\",\"https:\\\/\\\/x.com\\\/RechercheCPAS\"],\"url\":\"https:\\\/\\\/cpas.scfp.qc.ca\\\/?author=1\"}]}<\/script>\n<!-- \/ Yoast SEO Premium plugin. -->","yoast_head_json":{"title":"2025 : 26 964 employ\u00e9s du r\u00e9seau en arr\u00eat de maladie - Conseil provincial des affaires sociales","robots":{"index":"index","follow":"follow","max-snippet":"max-snippet:-1","max-image-preview":"max-image-preview:large","max-video-preview":"max-video-preview:-1"},"canonical":"https:\/\/cpas.scfp.qc.ca\/?p=7085","og_locale":"fr_FR","og_type":"article","og_title":"2025 : 26 964 employ\u00e9s du r\u00e9seau en arr\u00eat de maladie","og_description":"Que vaut la bonne sant\u00e9 des travailleuses et des travailleurs de la sant\u00e9 et des services sociaux? Le rapport publi\u00e9 sur le tableau de bord du minist\u00e8re de la Sant\u00e9 et des Services sociauxi, en date du 27 d\u00e9cembre 2025, indique que 26 964 employ\u00e9s du r\u00e9seau sont en arr\u00eat de travail pour invalidit\u00e9 (CNESST ou autres). En extrapolant \u00e0 partir d\u2019un salaire moyen annuel de 68 000 $, cela repr\u00e9sente plus de 1,8 milliard de dollars en co\u00fbts li\u00e9s \u00e0 ce niveau \u00e9lev\u00e9 d\u2019arr\u00eats de travail pour invalidit\u00e9 et ce, sans m\u00eame tenir compte des soins et des services qui ne sont pas rendus \u00e0 la population. Cela correspond \u00e0 2 634 employ\u00e9s de plus en arr\u00eat de travail pour maladie depuis la cr\u00e9ation de Sant\u00e9 Qu\u00e9bec, soit une hausse de 10,83 % en un an. Les absences pour invalidit\u00e9 touchent d\u00e9sormais 7,8 % des travailleurs du r\u00e9seau, soit pr\u00e8s du double de la moyenne qu\u00e9b\u00e9coise de 4,3 %, selon le taux d\u2019inactivit\u00e9 li\u00e9 \u00e0 une maladie ou \u00e0 une incapacit\u00e9 publi\u00e9e par Statistique Canada pour l\u2019ann\u00e9e 2024ii. Pendant ce temps, ce m\u00eame tableau de bord indique une baisse de 2 746 personnes \u00e0 l\u2019emploi de Sant\u00e9 Qu\u00e9bec sur la m\u00eame p\u00e9riode d\u2019un an. Il est d\u00e9solant de constater que, malgr\u00e9 la mission du r\u00e9seau de la sant\u00e9 et des services sociaux de prendre soin de la population, lorsqu\u2019il est question de prendre soin de ses propres employ\u00e9s, Sant\u00e9 Qu\u00e9bec fait pi\u00e8tre figure. C\u2019est la parfaite illustration de la th\u00e9orie du cordonnier mal chauss\u00e9. Il est d\u2019autant plus surprenant d\u2019entendre la PDG de Sant\u00e9 Qu\u00e9bec, madame Genevi\u00e8ve Biron, affirmer \u00e0 l\u2019\u00e9mission Le Bilan, le 12 janvier 2026 \u00e0 LCNiii, que la situation est \u00ab stable \u00bb, \u00ab sous contr\u00f4le \u00bb et qu\u2019il n\u2019y a \u00ab pas d\u2019augmentation fulgurante \u00bb, alors que les chiffres d\u00e9montrent clairement l\u2019inverse. Au total, ce sont plus de 5 300 employ\u00e9s de moins pour desservir une population qu\u00e9b\u00e9coise pourtant en constante croissance. Si la direction de Sant\u00e9 Qu\u00e9bec demeure dans le d\u00e9ni et que rien n\u2019est fait rapidement pour freiner ce cercle vicieux, la situation risque de s\u2019aggraver au cours des prochains mois et des prochaines ann\u00e9es. Lorsque la surcharge de travail devient insoutenable en raison du manque chronique de personnel, ce n\u2019est pas une gestion agressive des absences, ni par le service de la pr\u00e9sence au travail ni par la direction des ressources humaines, qui r\u00e9glera le probl\u00e8me. Il faut plut\u00f4t des embauches r\u00e9elles, de meilleures conditions de travail, une r\u00e9duction de la surcharge, ainsi qu\u2019une v\u00e9ritable reconnaissance de l\u2019importance de la sant\u00e9 physique et mentale des travailleuses et des travailleurs, en faisant de la pr\u00e9vention une priorit\u00e9 op\u00e9rationnelle. Patrick Hall\u00e9 ihttps:\/\/app.powerbi.com\/viewr=eyJrIjoiOTFmZjc4NzAtMTBkMS00OTE5LWE4YjQtZTIzOTc5NDZjNmZlIiwidCI6IjA2ZTFmZTI4LTVmOGItNDA3NS1iZjZjLWFlMjRiZTFhNzk5MiJ9 ii Tableau 14-10-0390-01 Absence du travail chez les employ\u00e9s \u00e0 temps plein, donn\u00e9es annuelles, inactif DOI : https:\/\/doi.org\/10.25318\/1410039001-fra iii https:\/\/www.tvanouvelles.ca\/2026\/01\/12\/financement-en-sante-les-besoins-sont-tres-grands-quasi-illimites-affirme-la-pdg-de-sante-quebec","og_url":"https:\/\/cpas.scfp.qc.ca\/?p=7085","og_site_name":"Conseil provincial des affaires sociales","article_publisher":"https:\/\/www.facebook.com\/cpas.scfp","article_author":"https:\/\/www.facebook.com\/cpas.scfp","article_published_time":"2026-03-01T17:00:00+00:00","og_image":[{"width":698,"height":570,"url":"https:\/\/cpas.scfp.qc.ca\/wp-content\/uploads\/2026\/02\/isabella-fischer-GFKPATimbvM-unsplash-scaled-e1771963791211.jpg","type":"image\/jpeg"}],"author":"admin5012","twitter_card":"summary_large_image","twitter_creator":"@RechercheCPAS","twitter_site":"@RechercheCPAS","twitter_misc":{"\u00c9crit par":"admin5012","Dur\u00e9e de lecture estim\u00e9e":"3 minutes"},"schema":{"@context":"https:\/\/schema.org","@graph":[{"@type":"Article","@id":"https:\/\/cpas.scfp.qc.ca\/?p=7085#article","isPartOf":{"@id":"https:\/\/cpas.scfp.qc.ca\/?p=7085"},"author":{"name":"admin5012","@id":"https:\/\/cpas.scfp.qc.ca\/#\/schema\/person\/9c98e2b429ea0566a874567941e1eaaa"},"headline":"2025 : 26 964 employ\u00e9s du r\u00e9seau en arr\u00eat de maladie","datePublished":"2026-03-01T17:00:00+00:00","mainEntityOfPage":{"@id":"https:\/\/cpas.scfp.qc.ca\/?p=7085"},"wordCount":536,"commentCount":0,"publisher":{"@id":"https:\/\/cpas.scfp.qc.ca\/#organization"},"image":{"@id":"https:\/\/cpas.scfp.qc.ca\/?p=7085#primaryimage"},"thumbnailUrl":"https:\/\/cpas.scfp.qc.ca\/wp-content\/uploads\/2026\/02\/isabella-fischer-GFKPATimbvM-unsplash-scaled-e1771963791211.jpg","articleSection":["La Revue"],"inLanguage":"fr-FR","potentialAction":[{"@type":"CommentAction","name":"Comment","target":["https:\/\/cpas.scfp.qc.ca\/?p=7085#respond"]}]},{"@type":"WebPage","@id":"https:\/\/cpas.scfp.qc.ca\/?p=7085","url":"https:\/\/cpas.scfp.qc.ca\/?p=7085","name":"2025 : 26 964 employ\u00e9s du r\u00e9seau en arr\u00eat de maladie - Conseil provincial des affaires sociales","isPartOf":{"@id":"https:\/\/cpas.scfp.qc.ca\/#website"},"primaryImageOfPage":{"@id":"https:\/\/cpas.scfp.qc.ca\/?p=7085#primaryimage"},"image":{"@id":"https:\/\/cpas.scfp.qc.ca\/?p=7085#primaryimage"},"thumbnailUrl":"https:\/\/cpas.scfp.qc.ca\/wp-content\/uploads\/2026\/02\/isabella-fischer-GFKPATimbvM-unsplash-scaled-e1771963791211.jpg","datePublished":"2026-03-01T17:00:00+00:00","breadcrumb":{"@id":"https:\/\/cpas.scfp.qc.ca\/?p=7085#breadcrumb"},"inLanguage":"fr-FR","potentialAction":[{"@type":"ReadAction","target":["https:\/\/cpas.scfp.qc.ca\/?p=7085"]}]},{"@type":"ImageObject","inLanguage":"fr-FR","@id":"https:\/\/cpas.scfp.qc.ca\/?p=7085#primaryimage","url":"https:\/\/cpas.scfp.qc.ca\/wp-content\/uploads\/2026\/02\/isabella-fischer-GFKPATimbvM-unsplash-scaled-e1771963791211.jpg","contentUrl":"https:\/\/cpas.scfp.qc.ca\/wp-content\/uploads\/2026\/02\/isabella-fischer-GFKPATimbvM-unsplash-scaled-e1771963791211.jpg","width":698,"height":570},{"@type":"BreadcrumbList","@id":"https:\/\/cpas.scfp.qc.ca\/?p=7085#breadcrumb","itemListElement":[{"@type":"ListItem","position":1,"name":"Accueil","item":"https:\/\/cpas.scfp.qc.ca\/"},{"@type":"ListItem","position":2,"name":"2025 : 26 964 employ\u00e9s du r\u00e9seau en arr\u00eat de maladie"}]},{"@type":"WebSite","@id":"https:\/\/cpas.scfp.qc.ca\/#website","url":"https:\/\/cpas.scfp.qc.ca\/","name":"Conseil provincial des affaires sociales","description":"Du m\u00e9tier et du c\u0153ur","publisher":{"@id":"https:\/\/cpas.scfp.qc.ca\/#organization"},"alternateName":"CPAS","potentialAction":[{"@type":"SearchAction","target":{"@type":"EntryPoint","urlTemplate":"https:\/\/cpas.scfp.qc.ca\/?s={search_term_string}"},"query-input":{"@type":"PropertyValueSpecification","valueRequired":true,"valueName":"search_term_string"}}],"inLanguage":"fr-FR"},{"@type":"Organization","@id":"https:\/\/cpas.scfp.qc.ca\/#organization","name":"Conseil provincial des affaires sociales","alternateName":"CPAS","url":"https:\/\/cpas.scfp.qc.ca\/","logo":{"@type":"ImageObject","inLanguage":"fr-FR","@id":"https:\/\/cpas.scfp.qc.ca\/#\/schema\/logo\/image\/","url":"https:\/\/cpas.scfp.qc.ca\/wp-content\/uploads\/2023\/12\/logo_cpas_horizontalsignature_rgb.png","contentUrl":"https:\/\/cpas.scfp.qc.ca\/wp-content\/uploads\/2023\/12\/logo_cpas_horizontalsignature_rgb.png","width":1980,"height":1980,"caption":"Conseil provincial des affaires sociales"},"image":{"@id":"https:\/\/cpas.scfp.qc.ca\/#\/schema\/logo\/image\/"},"sameAs":["https:\/\/www.facebook.com\/cpas.scfp","https:\/\/x.com\/RechercheCPAS","https:\/\/www.instagram.com\/cpas_scfp\/","https:\/\/www.linkedin.com\/company\/100101794\/admin\/feed\/posts\/","https:\/\/www.threads.com\/@cpas_scfp","https:\/\/bsky.app\/profile\/cpas-scfp.bsky.social","https:\/\/www.tiktok.com\/@cpasscfp"],"description":"Le Conseil provincial des affaires sociales (CPAS) rassemble plus de 35 000 travailleuses et travailleurs du secteur de la sant\u00e9 et des services sociaux syndiqu\u00e9s aupr\u00e8s du Syndicat canadien de la fonction publique (SCFP).","email":"info@scfpcpas.ca","telephone":"4384766448","legalName":"Conseil provincial des affaires sociales"},{"@type":"Person","@id":"https:\/\/cpas.scfp.qc.ca\/#\/schema\/person\/9c98e2b429ea0566a874567941e1eaaa","name":"admin5012","image":{"@type":"ImageObject","inLanguage":"fr-FR","@id":"https:\/\/secure.gravatar.com\/avatar\/154f1b3fbe53a30b002268b4770a132b86e7bb353da871dbaf3a1b240317a4c3?s=96&d=mm&r=g","url":"https:\/\/secure.gravatar.com\/avatar\/154f1b3fbe53a30b002268b4770a132b86e7bb353da871dbaf3a1b240317a4c3?s=96&d=mm&r=g","contentUrl":"https:\/\/secure.gravatar.com\/avatar\/154f1b3fbe53a30b002268b4770a132b86e7bb353da871dbaf3a1b240317a4c3?s=96&d=mm&r=g","caption":"admin5012"},"sameAs":["http:\/\/cpas.scfp.qc.ca","https:\/\/www.facebook.com\/cpas.scfp","https:\/\/www.instagram.com\/cpas_scfp\/","https:\/\/www.linkedin.com\/company\/conseil-provincial-des-affaires-sociales-cpas-scfp-cupe\/?viewAsMember=true","https:\/\/x.com\/RechercheCPAS"],"url":"https:\/\/cpas.scfp.qc.ca\/?author=1"}]}},"jetpack_featured_media_url":"https:\/\/cpas.scfp.qc.ca\/wp-content\/uploads\/2026\/02\/isabella-fischer-GFKPATimbvM-unsplash-scaled-e1771963791211.jpg","jetpack_sharing_enabled":true,"_links":{"self":[{"href":"https:\/\/cpas.scfp.qc.ca\/index.php?rest_route=\/wp\/v2\/posts\/7085","targetHints":{"allow":["GET"]}}],"collection":[{"href":"https:\/\/cpas.scfp.qc.ca\/index.php?rest_route=\/wp\/v2\/posts"}],"about":[{"href":"https:\/\/cpas.scfp.qc.ca\/index.php?rest_route=\/wp\/v2\/types\/post"}],"author":[{"embeddable":true,"href":"https:\/\/cpas.scfp.qc.ca\/index.php?rest_route=\/wp\/v2\/users\/1"}],"replies":[{"embeddable":true,"href":"https:\/\/cpas.scfp.qc.ca\/index.php?rest_route=%2Fwp%2Fv2%2Fcomments&post=7085"}],"version-history":[{"count":1,"href":"https:\/\/cpas.scfp.qc.ca\/index.php?rest_route=\/wp\/v2\/posts\/7085\/revisions"}],"predecessor-version":[{"id":7087,"href":"https:\/\/cpas.scfp.qc.ca\/index.php?rest_route=\/wp\/v2\/posts\/7085\/revisions\/7087"}],"wp:featuredmedia":[{"embeddable":true,"href":"https:\/\/cpas.scfp.qc.ca\/index.php?rest_route=\/wp\/v2\/media\/7086"}],"wp:attachment":[{"href":"https:\/\/cpas.scfp.qc.ca\/index.php?rest_route=%2Fwp%2Fv2%2Fmedia&parent=7085"}],"wp:term":[{"taxonomy":"category","embeddable":true,"href":"https:\/\/cpas.scfp.qc.ca\/index.php?rest_route=%2Fwp%2Fv2%2Fcategories&post=7085"},{"taxonomy":"post_tag","embeddable":true,"href":"https:\/\/cpas.scfp.qc.ca\/index.php?rest_route=%2Fwp%2Fv2%2Ftags&post=7085"}],"curies":[{"name":"wp","href":"https:\/\/api.w.org\/{rel}","templated":true}]}}