{"id":3313,"date":"2022-02-18T12:19:11","date_gmt":"2022-02-18T17:19:11","guid":{"rendered":"https:\/\/recherchecpasscfp2.wpcomstaging.com\/?p=3313"},"modified":"2022-02-18T12:19:11","modified_gmt":"2022-02-18T17:19:11","slug":"retards-des-paiements-dus-protestez-en-transmettant-une-lettre-a-dube-et-lebel","status":"publish","type":"post","link":"https:\/\/cpas.scfp.qc.ca\/?p=3313","title":{"rendered":"Retards des paiements dus : protestez en transmettant une lettre \u00e0 Dub\u00e9 et Lebel"},"content":{"rendered":"<h4>Afin d&rsquo;exprimer votre m\u00e9contentement quant aux retards dans les paiement dus au personnel de la sant\u00e9 et des services sociaux, t\u00e9l\u00e9chargez cette lettre, signez-la et transmettez-la par courriel \u00e0 Christian Dub\u00e9 et \u00e0 Sonia Lebel.<\/h4>\n<p>Instructions par \u00e9tapes :<\/p>\n<ol>\n<li><a href=\"https:\/\/recherchecpasscfp2.wpcomstaging.com\/wp-content\/uploads\/2022\/02\/Lettre_retards_paiement_membres-2022.docx\">T\u00e9l\u00e9chargez la lettre.<\/a><\/li>\n<li>Inscrivez la date du jour (au haut) puis ajoutez votre nom ou signature et vos coordonn\u00e9es (au bas).<\/li>\n<li>Transmettez-la \u00e0 partir de votre bo\u00eete courriel \u00e0 ces deux adresses : <strong>ministre@msss.gouv.qc.ca;cabinet@sct.gouv.qc.ca\u00a0<\/strong><\/li>\n<li>Partagez cette page \u00e0 vos coll\u00e8gues!<\/li>\n<li>Bravo! Vous avez protest\u00e9! Merci d&rsquo;appuyer les travailleur.se.s du r\u00e9seau de la sant\u00e9 et des services sociaux, lesquels sont tous affect\u00e9s par ces retards de paiements!<\/li>\n<\/ol>\n<p>&nbsp;<\/p>\n","protected":false},"excerpt":{"rendered":"<p>Afin d&rsquo;exprimer votre m\u00e9contentement quant aux retards dans les paiement dus au personnel de la sant\u00e9 et des services sociaux, t\u00e9l\u00e9chargez cette lettre, signez-la et transmettez-la par courriel \u00e0 Christian Dub\u00e9 et \u00e0 Sonia Lebel. Instructions par \u00e9tapes : T\u00e9l\u00e9chargez la lettre. Inscrivez la date du jour (au haut) puis ajoutez votre nom ou signature et vos coordonn\u00e9es (au bas). Transmettez-la \u00e0 partir de votre bo\u00eete courriel \u00e0 ces deux adresses : ministre@msss.gouv.qc.ca;cabinet@sct.gouv.qc.ca\u00a0 Partagez cette page \u00e0 vos coll\u00e8gues! Bravo! Vous avez protest\u00e9! Merci d&rsquo;appuyer les travailleur.se.s du r\u00e9seau de la sant\u00e9 et des services sociaux, lesquels sont tous affect\u00e9s par ces retards de paiements! &nbsp;<\/p>\n","protected":false},"author":1,"featured_media":3314,"comment_status":"closed","ping_status":"closed","sticky":false,"template":"","format":"standard","meta":{"_eb_attr":"","_jetpack_memberships_contains_paid_content":false,"footnotes":""},"categories":[2],"tags":[],"class_list":["post-3313","post","type-post","status-publish","format-standard","has-post-thumbnail","hentry","category-nouvelles"],"yoast_head":"<!-- This site is optimized with the Yoast SEO Premium plugin v27.4 (Yoast SEO v27.5) - https:\/\/yoast.com\/product\/yoast-seo-premium-wordpress\/ -->\n<title>Retards des paiements dus : protestez en transmettant une lettre \u00e0 Dub\u00e9 et Lebel - Conseil provincial des affaires sociales<\/title>\n<meta name=\"robots\" content=\"index, follow, max-snippet:-1, max-image-preview:large, max-video-preview:-1\" \/>\n<link rel=\"canonical\" href=\"https:\/\/cpas.scfp.qc.ca\/?p=3313\" \/>\n<meta property=\"og:locale\" content=\"fr_FR\" \/>\n<meta property=\"og:type\" content=\"article\" \/>\n<meta property=\"og:title\" content=\"Retards des paiements dus : protestez en transmettant une lettre \u00e0 Dub\u00e9 et Lebel\" \/>\n<meta property=\"og:description\" content=\"Afin d&rsquo;exprimer votre m\u00e9contentement quant aux retards dans les paiement dus au personnel de la sant\u00e9 et des services sociaux, t\u00e9l\u00e9chargez cette lettre, signez-la et transmettez-la par courriel \u00e0 Christian Dub\u00e9 et \u00e0 Sonia Lebel. Instructions par \u00e9tapes : T\u00e9l\u00e9chargez la lettre. Inscrivez la date du jour (au haut) puis ajoutez votre nom ou signature et vos coordonn\u00e9es (au bas). Transmettez-la \u00e0 partir de votre bo\u00eete courriel \u00e0 ces deux adresses : ministre@msss.gouv.qc.ca;cabinet@sct.gouv.qc.ca\u00a0 Partagez cette page \u00e0 vos coll\u00e8gues! Bravo! Vous avez protest\u00e9! Merci d&rsquo;appuyer les travailleur.se.s du r\u00e9seau de la sant\u00e9 et des services sociaux, lesquels sont tous affect\u00e9s par ces retards de paiements! &nbsp;\" \/>\n<meta property=\"og:url\" content=\"https:\/\/cpas.scfp.qc.ca\/?p=3313\" \/>\n<meta property=\"og:site_name\" content=\"Conseil provincial des affaires sociales\" \/>\n<meta property=\"article:publisher\" content=\"https:\/\/www.facebook.com\/cpas.scfp\" \/>\n<meta property=\"article:author\" content=\"https:\/\/www.facebook.com\/cpas.scfp\" \/>\n<meta property=\"article:published_time\" content=\"2022-02-18T17:19:11+00:00\" \/>\n<meta name=\"author\" content=\"admin5012\" \/>\n<meta name=\"twitter:card\" content=\"summary_large_image\" \/>\n<meta name=\"twitter:creator\" content=\"@RechercheCPAS\" \/>\n<meta name=\"twitter:site\" content=\"@RechercheCPAS\" \/>\n<meta name=\"twitter:label1\" content=\"\u00c9crit par\" \/>\n\t<meta name=\"twitter:data1\" content=\"admin5012\" \/>\n\t<meta name=\"twitter:label2\" content=\"Dur\u00e9e de lecture estim\u00e9e\" \/>\n\t<meta name=\"twitter:data2\" content=\"1 minute\" \/>\n<script type=\"application\/ld+json\" class=\"yoast-schema-graph\">{\"@context\":\"https:\\\/\\\/schema.org\",\"@graph\":[{\"@type\":\"Article\",\"@id\":\"https:\\\/\\\/cpas.scfp.qc.ca\\\/?p=3313#article\",\"isPartOf\":{\"@id\":\"https:\\\/\\\/cpas.scfp.qc.ca\\\/?p=3313\"},\"author\":{\"name\":\"admin5012\",\"@id\":\"https:\\\/\\\/cpas.scfp.qc.ca\\\/#\\\/schema\\\/person\\\/9c98e2b429ea0566a874567941e1eaaa\"},\"headline\":\"Retards des paiements dus : protestez en transmettant une lettre \u00e0 Dub\u00e9 et Lebel\",\"datePublished\":\"2022-02-18T17:19:11+00:00\",\"mainEntityOfPage\":{\"@id\":\"https:\\\/\\\/cpas.scfp.qc.ca\\\/?p=3313\"},\"wordCount\":134,\"publisher\":{\"@id\":\"https:\\\/\\\/cpas.scfp.qc.ca\\\/#organization\"},\"image\":{\"@id\":\"https:\\\/\\\/cpas.scfp.qc.ca\\\/?p=3313#primaryimage\"},\"thumbnailUrl\":\"\",\"articleSection\":[\"Nouvelles\"],\"inLanguage\":\"fr-FR\"},{\"@type\":\"WebPage\",\"@id\":\"https:\\\/\\\/cpas.scfp.qc.ca\\\/?p=3313\",\"url\":\"https:\\\/\\\/cpas.scfp.qc.ca\\\/?p=3313\",\"name\":\"Retards des paiements dus : protestez en transmettant une lettre \u00e0 Dub\u00e9 et Lebel - Conseil provincial des affaires sociales\",\"isPartOf\":{\"@id\":\"https:\\\/\\\/cpas.scfp.qc.ca\\\/#website\"},\"primaryImageOfPage\":{\"@id\":\"https:\\\/\\\/cpas.scfp.qc.ca\\\/?p=3313#primaryimage\"},\"image\":{\"@id\":\"https:\\\/\\\/cpas.scfp.qc.ca\\\/?p=3313#primaryimage\"},\"thumbnailUrl\":\"\",\"datePublished\":\"2022-02-18T17:19:11+00:00\",\"breadcrumb\":{\"@id\":\"https:\\\/\\\/cpas.scfp.qc.ca\\\/?p=3313#breadcrumb\"},\"inLanguage\":\"fr-FR\",\"potentialAction\":[{\"@type\":\"ReadAction\",\"target\":[\"https:\\\/\\\/cpas.scfp.qc.ca\\\/?p=3313\"]}]},{\"@type\":\"ImageObject\",\"inLanguage\":\"fr-FR\",\"@id\":\"https:\\\/\\\/cpas.scfp.qc.ca\\\/?p=3313#primaryimage\",\"url\":\"\",\"contentUrl\":\"\"},{\"@type\":\"BreadcrumbList\",\"@id\":\"https:\\\/\\\/cpas.scfp.qc.ca\\\/?p=3313#breadcrumb\",\"itemListElement\":[{\"@type\":\"ListItem\",\"position\":1,\"name\":\"Accueil\",\"item\":\"https:\\\/\\\/cpas.scfp.qc.ca\\\/\"},{\"@type\":\"ListItem\",\"position\":2,\"name\":\"Retards des paiements dus : protestez en transmettant une lettre \u00e0 Dub\u00e9 et Lebel\"}]},{\"@type\":\"WebSite\",\"@id\":\"https:\\\/\\\/cpas.scfp.qc.ca\\\/#website\",\"url\":\"https:\\\/\\\/cpas.scfp.qc.ca\\\/\",\"name\":\"Conseil provincial des affaires sociales\",\"description\":\"Du m\u00e9tier et du c\u0153ur\",\"publisher\":{\"@id\":\"https:\\\/\\\/cpas.scfp.qc.ca\\\/#organization\"},\"alternateName\":\"CPAS\",\"potentialAction\":[{\"@type\":\"SearchAction\",\"target\":{\"@type\":\"EntryPoint\",\"urlTemplate\":\"https:\\\/\\\/cpas.scfp.qc.ca\\\/?s={search_term_string}\"},\"query-input\":{\"@type\":\"PropertyValueSpecification\",\"valueRequired\":true,\"valueName\":\"search_term_string\"}}],\"inLanguage\":\"fr-FR\"},{\"@type\":\"Organization\",\"@id\":\"https:\\\/\\\/cpas.scfp.qc.ca\\\/#organization\",\"name\":\"Conseil provincial des affaires sociales\",\"alternateName\":\"CPAS\",\"url\":\"https:\\\/\\\/cpas.scfp.qc.ca\\\/\",\"logo\":{\"@type\":\"ImageObject\",\"inLanguage\":\"fr-FR\",\"@id\":\"https:\\\/\\\/cpas.scfp.qc.ca\\\/#\\\/schema\\\/logo\\\/image\\\/\",\"url\":\"https:\\\/\\\/cpas.scfp.qc.ca\\\/wp-content\\\/uploads\\\/2023\\\/12\\\/logo_cpas_horizontalsignature_rgb.png\",\"contentUrl\":\"https:\\\/\\\/cpas.scfp.qc.ca\\\/wp-content\\\/uploads\\\/2023\\\/12\\\/logo_cpas_horizontalsignature_rgb.png\",\"width\":1980,\"height\":1980,\"caption\":\"Conseil provincial des affaires sociales\"},\"image\":{\"@id\":\"https:\\\/\\\/cpas.scfp.qc.ca\\\/#\\\/schema\\\/logo\\\/image\\\/\"},\"sameAs\":[\"https:\\\/\\\/www.facebook.com\\\/cpas.scfp\",\"https:\\\/\\\/x.com\\\/RechercheCPAS\",\"https:\\\/\\\/www.instagram.com\\\/cpas_scfp\\\/\",\"https:\\\/\\\/www.linkedin.com\\\/company\\\/100101794\\\/admin\\\/feed\\\/posts\\\/\",\"https:\\\/\\\/www.threads.com\\\/@cpas_scfp\",\"https:\\\/\\\/bsky.app\\\/profile\\\/cpas-scfp.bsky.social\",\"https:\\\/\\\/www.tiktok.com\\\/@cpasscfp\"],\"description\":\"Le Conseil provincial des affaires sociales (CPAS) rassemble plus de 35 000 travailleuses et travailleurs du secteur de la sant\u00e9 et des services sociaux syndiqu\u00e9s aupr\u00e8s du Syndicat canadien de la fonction publique (SCFP).\",\"email\":\"info@scfpcpas.ca\",\"telephone\":\"4384766448\",\"legalName\":\"Conseil provincial des affaires sociales\"},{\"@type\":\"Person\",\"@id\":\"https:\\\/\\\/cpas.scfp.qc.ca\\\/#\\\/schema\\\/person\\\/9c98e2b429ea0566a874567941e1eaaa\",\"name\":\"admin5012\",\"image\":{\"@type\":\"ImageObject\",\"inLanguage\":\"fr-FR\",\"@id\":\"https:\\\/\\\/secure.gravatar.com\\\/avatar\\\/154f1b3fbe53a30b002268b4770a132b86e7bb353da871dbaf3a1b240317a4c3?s=96&d=mm&r=g\",\"url\":\"https:\\\/\\\/secure.gravatar.com\\\/avatar\\\/154f1b3fbe53a30b002268b4770a132b86e7bb353da871dbaf3a1b240317a4c3?s=96&d=mm&r=g\",\"contentUrl\":\"https:\\\/\\\/secure.gravatar.com\\\/avatar\\\/154f1b3fbe53a30b002268b4770a132b86e7bb353da871dbaf3a1b240317a4c3?s=96&d=mm&r=g\",\"caption\":\"admin5012\"},\"sameAs\":[\"http:\\\/\\\/cpas.scfp.qc.ca\",\"https:\\\/\\\/www.facebook.com\\\/cpas.scfp\",\"https:\\\/\\\/www.instagram.com\\\/cpas_scfp\\\/\",\"https:\\\/\\\/www.linkedin.com\\\/company\\\/conseil-provincial-des-affaires-sociales-cpas-scfp-cupe\\\/?viewAsMember=true\",\"https:\\\/\\\/x.com\\\/RechercheCPAS\"],\"url\":\"https:\\\/\\\/cpas.scfp.qc.ca\\\/?author=1\"}]}<\/script>\n<!-- \/ Yoast SEO Premium plugin. -->","yoast_head_json":{"title":"Retards des paiements dus : protestez en transmettant une lettre \u00e0 Dub\u00e9 et Lebel - Conseil provincial des affaires sociales","robots":{"index":"index","follow":"follow","max-snippet":"max-snippet:-1","max-image-preview":"max-image-preview:large","max-video-preview":"max-video-preview:-1"},"canonical":"https:\/\/cpas.scfp.qc.ca\/?p=3313","og_locale":"fr_FR","og_type":"article","og_title":"Retards des paiements dus : protestez en transmettant une lettre \u00e0 Dub\u00e9 et Lebel","og_description":"Afin d&rsquo;exprimer votre m\u00e9contentement quant aux retards dans les paiement dus au personnel de la sant\u00e9 et des services sociaux, t\u00e9l\u00e9chargez cette lettre, signez-la et transmettez-la par courriel \u00e0 Christian Dub\u00e9 et \u00e0 Sonia Lebel. Instructions par \u00e9tapes : T\u00e9l\u00e9chargez la lettre. Inscrivez la date du jour (au haut) puis ajoutez votre nom ou signature et vos coordonn\u00e9es (au bas). Transmettez-la \u00e0 partir de votre bo\u00eete courriel \u00e0 ces deux adresses : ministre@msss.gouv.qc.ca;cabinet@sct.gouv.qc.ca\u00a0 Partagez cette page \u00e0 vos coll\u00e8gues! Bravo! Vous avez protest\u00e9! Merci d&rsquo;appuyer les travailleur.se.s du r\u00e9seau de la sant\u00e9 et des services sociaux, lesquels sont tous affect\u00e9s par ces retards de paiements! &nbsp;","og_url":"https:\/\/cpas.scfp.qc.ca\/?p=3313","og_site_name":"Conseil provincial des affaires sociales","article_publisher":"https:\/\/www.facebook.com\/cpas.scfp","article_author":"https:\/\/www.facebook.com\/cpas.scfp","article_published_time":"2022-02-18T17:19:11+00:00","author":"admin5012","twitter_card":"summary_large_image","twitter_creator":"@RechercheCPAS","twitter_site":"@RechercheCPAS","twitter_misc":{"\u00c9crit par":"admin5012","Dur\u00e9e de lecture estim\u00e9e":"1 minute"},"schema":{"@context":"https:\/\/schema.org","@graph":[{"@type":"Article","@id":"https:\/\/cpas.scfp.qc.ca\/?p=3313#article","isPartOf":{"@id":"https:\/\/cpas.scfp.qc.ca\/?p=3313"},"author":{"name":"admin5012","@id":"https:\/\/cpas.scfp.qc.ca\/#\/schema\/person\/9c98e2b429ea0566a874567941e1eaaa"},"headline":"Retards des paiements dus : protestez en transmettant une lettre \u00e0 Dub\u00e9 et Lebel","datePublished":"2022-02-18T17:19:11+00:00","mainEntityOfPage":{"@id":"https:\/\/cpas.scfp.qc.ca\/?p=3313"},"wordCount":134,"publisher":{"@id":"https:\/\/cpas.scfp.qc.ca\/#organization"},"image":{"@id":"https:\/\/cpas.scfp.qc.ca\/?p=3313#primaryimage"},"thumbnailUrl":"","articleSection":["Nouvelles"],"inLanguage":"fr-FR"},{"@type":"WebPage","@id":"https:\/\/cpas.scfp.qc.ca\/?p=3313","url":"https:\/\/cpas.scfp.qc.ca\/?p=3313","name":"Retards des paiements dus : protestez en transmettant une lettre \u00e0 Dub\u00e9 et Lebel - Conseil provincial des affaires sociales","isPartOf":{"@id":"https:\/\/cpas.scfp.qc.ca\/#website"},"primaryImageOfPage":{"@id":"https:\/\/cpas.scfp.qc.ca\/?p=3313#primaryimage"},"image":{"@id":"https:\/\/cpas.scfp.qc.ca\/?p=3313#primaryimage"},"thumbnailUrl":"","datePublished":"2022-02-18T17:19:11+00:00","breadcrumb":{"@id":"https:\/\/cpas.scfp.qc.ca\/?p=3313#breadcrumb"},"inLanguage":"fr-FR","potentialAction":[{"@type":"ReadAction","target":["https:\/\/cpas.scfp.qc.ca\/?p=3313"]}]},{"@type":"ImageObject","inLanguage":"fr-FR","@id":"https:\/\/cpas.scfp.qc.ca\/?p=3313#primaryimage","url":"","contentUrl":""},{"@type":"BreadcrumbList","@id":"https:\/\/cpas.scfp.qc.ca\/?p=3313#breadcrumb","itemListElement":[{"@type":"ListItem","position":1,"name":"Accueil","item":"https:\/\/cpas.scfp.qc.ca\/"},{"@type":"ListItem","position":2,"name":"Retards des paiements dus : protestez en transmettant une lettre \u00e0 Dub\u00e9 et Lebel"}]},{"@type":"WebSite","@id":"https:\/\/cpas.scfp.qc.ca\/#website","url":"https:\/\/cpas.scfp.qc.ca\/","name":"Conseil provincial des affaires sociales","description":"Du m\u00e9tier et du c\u0153ur","publisher":{"@id":"https:\/\/cpas.scfp.qc.ca\/#organization"},"alternateName":"CPAS","potentialAction":[{"@type":"SearchAction","target":{"@type":"EntryPoint","urlTemplate":"https:\/\/cpas.scfp.qc.ca\/?s={search_term_string}"},"query-input":{"@type":"PropertyValueSpecification","valueRequired":true,"valueName":"search_term_string"}}],"inLanguage":"fr-FR"},{"@type":"Organization","@id":"https:\/\/cpas.scfp.qc.ca\/#organization","name":"Conseil provincial des affaires sociales","alternateName":"CPAS","url":"https:\/\/cpas.scfp.qc.ca\/","logo":{"@type":"ImageObject","inLanguage":"fr-FR","@id":"https:\/\/cpas.scfp.qc.ca\/#\/schema\/logo\/image\/","url":"https:\/\/cpas.scfp.qc.ca\/wp-content\/uploads\/2023\/12\/logo_cpas_horizontalsignature_rgb.png","contentUrl":"https:\/\/cpas.scfp.qc.ca\/wp-content\/uploads\/2023\/12\/logo_cpas_horizontalsignature_rgb.png","width":1980,"height":1980,"caption":"Conseil provincial des affaires sociales"},"image":{"@id":"https:\/\/cpas.scfp.qc.ca\/#\/schema\/logo\/image\/"},"sameAs":["https:\/\/www.facebook.com\/cpas.scfp","https:\/\/x.com\/RechercheCPAS","https:\/\/www.instagram.com\/cpas_scfp\/","https:\/\/www.linkedin.com\/company\/100101794\/admin\/feed\/posts\/","https:\/\/www.threads.com\/@cpas_scfp","https:\/\/bsky.app\/profile\/cpas-scfp.bsky.social","https:\/\/www.tiktok.com\/@cpasscfp"],"description":"Le Conseil provincial des affaires sociales (CPAS) rassemble plus de 35 000 travailleuses et travailleurs du secteur de la sant\u00e9 et des services sociaux syndiqu\u00e9s aupr\u00e8s du Syndicat canadien de la fonction publique (SCFP).","email":"info@scfpcpas.ca","telephone":"4384766448","legalName":"Conseil provincial des affaires sociales"},{"@type":"Person","@id":"https:\/\/cpas.scfp.qc.ca\/#\/schema\/person\/9c98e2b429ea0566a874567941e1eaaa","name":"admin5012","image":{"@type":"ImageObject","inLanguage":"fr-FR","@id":"https:\/\/secure.gravatar.com\/avatar\/154f1b3fbe53a30b002268b4770a132b86e7bb353da871dbaf3a1b240317a4c3?s=96&d=mm&r=g","url":"https:\/\/secure.gravatar.com\/avatar\/154f1b3fbe53a30b002268b4770a132b86e7bb353da871dbaf3a1b240317a4c3?s=96&d=mm&r=g","contentUrl":"https:\/\/secure.gravatar.com\/avatar\/154f1b3fbe53a30b002268b4770a132b86e7bb353da871dbaf3a1b240317a4c3?s=96&d=mm&r=g","caption":"admin5012"},"sameAs":["http:\/\/cpas.scfp.qc.ca","https:\/\/www.facebook.com\/cpas.scfp","https:\/\/www.instagram.com\/cpas_scfp\/","https:\/\/www.linkedin.com\/company\/conseil-provincial-des-affaires-sociales-cpas-scfp-cupe\/?viewAsMember=true","https:\/\/x.com\/RechercheCPAS"],"url":"https:\/\/cpas.scfp.qc.ca\/?author=1"}]}},"jetpack_featured_media_url":"","jetpack_sharing_enabled":true,"_links":{"self":[{"href":"https:\/\/cpas.scfp.qc.ca\/index.php?rest_route=\/wp\/v2\/posts\/3313","targetHints":{"allow":["GET"]}}],"collection":[{"href":"https:\/\/cpas.scfp.qc.ca\/index.php?rest_route=\/wp\/v2\/posts"}],"about":[{"href":"https:\/\/cpas.scfp.qc.ca\/index.php?rest_route=\/wp\/v2\/types\/post"}],"author":[{"embeddable":true,"href":"https:\/\/cpas.scfp.qc.ca\/index.php?rest_route=\/wp\/v2\/users\/1"}],"replies":[{"embeddable":true,"href":"https:\/\/cpas.scfp.qc.ca\/index.php?rest_route=%2Fwp%2Fv2%2Fcomments&post=3313"}],"version-history":[{"count":0,"href":"https:\/\/cpas.scfp.qc.ca\/index.php?rest_route=\/wp\/v2\/posts\/3313\/revisions"}],"wp:featuredmedia":[{"embeddable":true,"href":"https:\/\/cpas.scfp.qc.ca\/index.php?rest_route=\/"}],"wp:attachment":[{"href":"https:\/\/cpas.scfp.qc.ca\/index.php?rest_route=%2Fwp%2Fv2%2Fmedia&parent=3313"}],"wp:term":[{"taxonomy":"category","embeddable":true,"href":"https:\/\/cpas.scfp.qc.ca\/index.php?rest_route=%2Fwp%2Fv2%2Fcategories&post=3313"},{"taxonomy":"post_tag","embeddable":true,"href":"https:\/\/cpas.scfp.qc.ca\/index.php?rest_route=%2Fwp%2Fv2%2Ftags&post=3313"}],"curies":[{"name":"wp","href":"https:\/\/api.w.org\/{rel}","templated":true}]}}