{"id":2922,"date":"2020-11-30T16:15:29","date_gmt":"2020-11-30T21:15:29","guid":{"rendered":"https:\/\/recherchecpasscfp2.wpcomstaging.com\/?p=2922"},"modified":"2020-11-30T16:15:29","modified_gmt":"2020-11-30T21:15:29","slug":"quebec-en-pause","status":"publish","type":"post","link":"https:\/\/cpas.scfp.qc.ca\/?p=2922","title":{"rendered":"Qu\u00e9bec en pause"},"content":{"rendered":"<p>Le 12 novembre dernier, de 10:00 \u00e0 10:15 s\u2019est d\u00e9roul\u00e9 <em>Le Qu\u00e9bec en pause<\/em>. Partout au Qu\u00e9bec des milliers de citoyen.ne.s et de travailleur.se.s de toutes all\u00e9geances syndicales ont pris une pause afin de manifester leur soutien et leur reconnaissance aux travailleur.se.s des secteurs de la sant\u00e9 et de l\u2019\u00e9ducation.<\/p>\n<p>L\u2019activit\u00e9, initi\u00e9e par le CPAS, a obtenu un franc succ\u00e8s \u00e0 travers l\u2019enti\u00e8ret\u00e9 de la province, en plus de b\u00e9n\u00e9ficier d\u2019un enviable rayonnement m\u00e9diatique.<\/p>\n<p><strong>Dans les m\u00e9dias\u00a0:<\/strong><\/p>\n<ul>\n<li><a href=\"https:\/\/www.nordinfo.com\/actualites\/une-pause-manifestation-en-hommage-aux-travailleurs-de-premiere-ligne\/\"><em>Une pause-manifestation en hommage aux travailleurs de premi\u00e8re ligne.<\/em> <strong>Nord Info<\/strong>: 13 novembre 2020.<\/a><\/li>\n<li><a href=\"https:\/\/www.journaldequebec.com\/2020\/11\/12\/covid-19-une-pause-de-15-minutes-en-hommage-aux-personnels-de-premiere-ligne\">Agence QMI. <em>COVID-19\u00a0: une pause de 15 minutes en hommage aux personnels de premi\u00e8re ligne.<\/em> <strong>Journal de Qu\u00e9bec<\/strong>: 12 novembre 2020.<\/a><\/li>\n<li><a href=\"https:\/\/www.hebdorivenord.com\/article\/2020\/11\/16\/les-cols-bleus-et-cols-blancs-de-repentigny-rendent-hommage-aux-travailleurs-de-premiere-ligne\">Chartier, Pierre. <em>Les cols bleus et cols blancs de Repentigny rendent hommage aux travailleurs de premi\u00e8re ligne.<\/em> <strong>Hebdo Rive Nord<\/strong>: 16 novembre 2020.<\/a><\/li>\n<li><a href=\"https:\/\/quebec.huffingtonpost.ca\/entry\/secteur-public-quebec-en-pause-durant-15-minutes-soutien-travailleurs_qc_5fac752dc5b68707d1fbd56a\">L\u00e9vesque, Lia. <em>Secteur public: \u00able Qu\u00e9bec en pause\u00bb durant 15 minutes, en soutien aux travailleurs.<\/em> <strong>Huffpost<\/strong>: 11 novembre 2020.<\/a><\/li>\n<li><a href=\"https:\/\/www.ledroit.com\/opinions\/une-pause-de-15-minutes-pour-soutenir-les-milliers-de-femmes-et-dhommes-qui-sont-au-front-02904df706e2ec9bed5f2c058c425be9\">Ranger, Marc. <em>Une pause de 15 minutes\u2026 pour soutenir les milliers de femmes et d\u2019hommes qui sont au front.<\/em> <strong>Le Droit<\/strong>: 11 novembre 2020.<\/a><\/li>\n<\/ul>\n<p><strong>Communiqu\u00e9s de presse :<\/strong><\/p>\n<ul>\n<li><a href=\"https:\/\/www.newswire.ca\/fr\/news-releases\/le-bas-saint-laurent-prend-une-pause-pour-la-cause-12-novembre-a-10-h-834967544.html\"><em>Le Bas-Saint-Laurent prend une pause pour la cause &#8211; 12 novembre \u00e0 10 h.<\/em> 11 novembre 2020. <strong>Syndicat canadien de la fonction publique.<\/strong><\/a><\/li>\n<li><a href=\"https:\/\/www.newswire.ca\/fr\/news-releases\/la-capitale-nationale-prend-une-pause-pour-la-cause-12-novembre-a-10-h-859815661.html\"><em>La Capitale-Nationale prend une pause pour la cause &#8211; 12 novembre \u00e0 10 h. <\/em>11 novembre 2020. <strong>Syndicat canadien de la fonction publique.<\/strong><\/a><\/li>\n<li><a href=\"https:\/\/www.newswire.ca\/fr\/news-releases\/en-estrie-on-prend-une-pause-pour-la-cause-817542200.html\"><em>En Estrie, on prend une pause pour la cause.<\/em> 10 novembre 2020. <strong>Syndicat canadien de la fonction publique.<\/strong><\/a><\/li>\n<\/ul>\n<ul>\n<li><a href=\"https:\/\/www.newswire.ca\/fr\/news-releases\/la-ftq-rend-hommage-aux-travailleuses-et-travailleurs-de-premiere-ligne-825659227.html\"><em>La FTQ rend hommage aux travailleuses et travailleurs de premi\u00e8re ligne.<\/em> 12 novembre 2020. <strong>F\u00e9d\u00e9ration des travailleurs et travailleuses du Qu\u00e9bec.<\/strong><\/a><\/li>\n<li><a href=\"https:\/\/www.newswire.ca\/fr\/news-releases\/-r-e-p-r-i-s-e-negociations-du-secteur-public-l-alliance-apts-fiq-se-joint-au-mouvement-le-quebec-en-pause--828369867.html\"><em>N\u00e9gociations du secteur public &#8211; L&rsquo;alliance APTS-FIQ se joint au mouvement \u00ab\u2009Le Qu\u00e9bec en pause\u2009\u00bb.<\/em> 11 novembre 2020. <strong>Alliance du personnel professionnel et technique de la sant\u00e9 et des services sociaux.<\/strong><\/a><\/li>\n<\/ul>\n<p><img fetchpriority=\"high\" decoding=\"async\" class=\"alignnone size-medium wp-image-2925\" src=\"https:\/\/recherchecpasscfp2.wpcomstaging.com\/wp-content\/uploads\/2020\/11\/IMG_5820-359x269.jpeg\" alt=\"\" width=\"359\" height=\"269\" \/><img decoding=\"async\" class=\"alignnone size-medium wp-image-2926\" src=\"https:\/\/recherchecpasscfp2.wpcomstaging.com\/wp-content\/uploads\/2020\/11\/IMG_5817-359x269.jpeg\" alt=\"\" width=\"359\" height=\"269\" \/><img decoding=\"async\" class=\"alignnone size-medium wp-image-2927\" src=\"https:\/\/recherchecpasscfp2.wpcomstaging.com\/wp-content\/uploads\/2020\/11\/IMG_5816-359x269.jpeg\" alt=\"\" width=\"359\" height=\"269\" \/><img loading=\"lazy\" decoding=\"async\" class=\"alignnone size-medium wp-image-2928\" src=\"https:\/\/recherchecpasscfp2.wpcomstaging.com\/wp-content\/uploads\/2020\/11\/IMG_5815-359x269.jpeg\" alt=\"\" width=\"359\" height=\"269\" \/><img loading=\"lazy\" decoding=\"async\" class=\"alignnone size-medium wp-image-2929\" src=\"https:\/\/recherchecpasscfp2.wpcomstaging.com\/wp-content\/uploads\/2020\/11\/IMG_5814-359x269.jpeg\" alt=\"\" width=\"359\" height=\"269\" \/><img loading=\"lazy\" decoding=\"async\" class=\"alignnone size-medium wp-image-2930\" src=\"https:\/\/recherchecpasscfp2.wpcomstaging.com\/wp-content\/uploads\/2020\/11\/IMG_5813-359x269.jpeg\" alt=\"\" width=\"359\" height=\"269\" \/><\/p>\n","protected":false},"excerpt":{"rendered":"<p>Le 12 novembre dernier, de 10:00 \u00e0 10:15 s\u2019est d\u00e9roul\u00e9 Le Qu\u00e9bec en pause. Partout au Qu\u00e9bec des milliers de citoyen.ne.s et de travailleur.se.s de toutes all\u00e9geances syndicales ont pris une pause afin de manifester leur soutien et leur reconnaissance aux travailleur.se.s des secteurs de la sant\u00e9 et de l\u2019\u00e9ducation. L\u2019activit\u00e9, initi\u00e9e par le CPAS, a obtenu un franc succ\u00e8s \u00e0 travers l\u2019enti\u00e8ret\u00e9 de la province, en plus de b\u00e9n\u00e9ficier d\u2019un enviable rayonnement m\u00e9diatique. Dans les m\u00e9dias\u00a0: Une pause-manifestation en hommage aux travailleurs de premi\u00e8re ligne. Nord Info: 13 novembre 2020. Agence QMI. COVID-19\u00a0: une pause de 15 minutes en hommage aux personnels de premi\u00e8re ligne. Journal de Qu\u00e9bec: 12 novembre 2020. Chartier, Pierre. Les cols bleus et cols blancs de Repentigny rendent hommage aux travailleurs de premi\u00e8re ligne. Hebdo Rive Nord: 16 novembre 2020. L\u00e9vesque, Lia. Secteur public: \u00able Qu\u00e9bec en pause\u00bb durant 15 minutes, en soutien aux travailleurs. Huffpost: 11 novembre 2020. Ranger, Marc. Une pause de 15 minutes\u2026 pour soutenir les milliers de femmes et d\u2019hommes qui sont au front. Le Droit: 11 novembre 2020. Communiqu\u00e9s de presse : Le Bas-Saint-Laurent prend une pause pour la cause &#8211; 12 novembre \u00e0 10 h. 11 novembre 2020. Syndicat canadien de la fonction publique. La Capitale-Nationale prend une pause pour la cause &#8211; 12 novembre \u00e0 10 h. 11 novembre 2020. Syndicat canadien de la fonction publique. En Estrie, on prend une pause pour la cause. 10 novembre 2020. Syndicat canadien de la fonction publique. La FTQ rend hommage aux travailleuses et travailleurs de premi\u00e8re ligne. 12 novembre 2020. F\u00e9d\u00e9ration des travailleurs et travailleuses du Qu\u00e9bec. N\u00e9gociations du secteur public &#8211; L&rsquo;alliance APTS-FIQ se joint au mouvement \u00ab\u2009Le Qu\u00e9bec en pause\u2009\u00bb. 11 novembre 2020. Alliance du personnel professionnel et technique de la sant\u00e9 et des services sociaux.<\/p>\n","protected":false},"author":1,"featured_media":2921,"comment_status":"closed","ping_status":"closed","sticky":false,"template":"","format":"standard","meta":{"_eb_attr":"","_jetpack_memberships_contains_paid_content":false,"footnotes":""},"categories":[2],"tags":[],"class_list":["post-2922","post","type-post","status-publish","format-standard","has-post-thumbnail","hentry","category-nouvelles"],"yoast_head":"<!-- This site is optimized with the Yoast SEO Premium plugin v27.4 (Yoast SEO v27.4) - https:\/\/yoast.com\/product\/yoast-seo-premium-wordpress\/ -->\n<title>Qu\u00e9bec en pause - Conseil provincial des affaires sociales<\/title>\n<meta name=\"robots\" content=\"index, follow, max-snippet:-1, max-image-preview:large, max-video-preview:-1\" \/>\n<link rel=\"canonical\" href=\"https:\/\/cpas.scfp.qc.ca\/?p=2922\" \/>\n<meta property=\"og:locale\" content=\"fr_FR\" \/>\n<meta property=\"og:type\" content=\"article\" \/>\n<meta property=\"og:title\" content=\"Qu\u00e9bec en pause\" \/>\n<meta property=\"og:description\" content=\"Le 12 novembre dernier, de 10:00 \u00e0 10:15 s\u2019est d\u00e9roul\u00e9 Le Qu\u00e9bec en pause. Partout au Qu\u00e9bec des milliers de citoyen.ne.s et de travailleur.se.s de toutes all\u00e9geances syndicales ont pris une pause afin de manifester leur soutien et leur reconnaissance aux travailleur.se.s des secteurs de la sant\u00e9 et de l\u2019\u00e9ducation. L\u2019activit\u00e9, initi\u00e9e par le CPAS, a obtenu un franc succ\u00e8s \u00e0 travers l\u2019enti\u00e8ret\u00e9 de la province, en plus de b\u00e9n\u00e9ficier d\u2019un enviable rayonnement m\u00e9diatique. Dans les m\u00e9dias\u00a0: Une pause-manifestation en hommage aux travailleurs de premi\u00e8re ligne. Nord Info: 13 novembre 2020. Agence QMI. COVID-19\u00a0: une pause de 15 minutes en hommage aux personnels de premi\u00e8re ligne. Journal de Qu\u00e9bec: 12 novembre 2020. Chartier, Pierre. Les cols bleus et cols blancs de Repentigny rendent hommage aux travailleurs de premi\u00e8re ligne. Hebdo Rive Nord: 16 novembre 2020. L\u00e9vesque, Lia. Secteur public: \u00able Qu\u00e9bec en pause\u00bb durant 15 minutes, en soutien aux travailleurs. Huffpost: 11 novembre 2020. Ranger, Marc. Une pause de 15 minutes\u2026 pour soutenir les milliers de femmes et d\u2019hommes qui sont au front. Le Droit: 11 novembre 2020. Communiqu\u00e9s de presse : Le Bas-Saint-Laurent prend une pause pour la cause &#8211; 12 novembre \u00e0 10 h. 11 novembre 2020. Syndicat canadien de la fonction publique. La Capitale-Nationale prend une pause pour la cause &#8211; 12 novembre \u00e0 10 h. 11 novembre 2020. Syndicat canadien de la fonction publique. En Estrie, on prend une pause pour la cause. 10 novembre 2020. Syndicat canadien de la fonction publique. La FTQ rend hommage aux travailleuses et travailleurs de premi\u00e8re ligne. 12 novembre 2020. F\u00e9d\u00e9ration des travailleurs et travailleuses du Qu\u00e9bec. N\u00e9gociations du secteur public &#8211; L&rsquo;alliance APTS-FIQ se joint au mouvement \u00ab\u2009Le Qu\u00e9bec en pause\u2009\u00bb. 11 novembre 2020. Alliance du personnel professionnel et technique de la sant\u00e9 et des services sociaux.\" \/>\n<meta property=\"og:url\" content=\"https:\/\/cpas.scfp.qc.ca\/?p=2922\" \/>\n<meta property=\"og:site_name\" content=\"Conseil provincial des affaires sociales\" \/>\n<meta property=\"article:publisher\" content=\"https:\/\/www.facebook.com\/cpas.scfp\" \/>\n<meta property=\"article:author\" content=\"https:\/\/www.facebook.com\/cpas.scfp\" \/>\n<meta property=\"article:published_time\" content=\"2020-11-30T21:15:29+00:00\" \/>\n<meta name=\"author\" content=\"admin5012\" \/>\n<meta name=\"twitter:card\" content=\"summary_large_image\" \/>\n<meta name=\"twitter:creator\" content=\"@RechercheCPAS\" \/>\n<meta name=\"twitter:site\" content=\"@RechercheCPAS\" \/>\n<meta name=\"twitter:label1\" content=\"\u00c9crit par\" \/>\n\t<meta name=\"twitter:data1\" content=\"admin5012\" \/>\n\t<meta name=\"twitter:label2\" content=\"Dur\u00e9e de lecture estim\u00e9e\" \/>\n\t<meta name=\"twitter:data2\" content=\"1 minute\" \/>\n<script type=\"application\/ld+json\" class=\"yoast-schema-graph\">{\"@context\":\"https:\\\/\\\/schema.org\",\"@graph\":[{\"@type\":\"Article\",\"@id\":\"https:\\\/\\\/cpas.scfp.qc.ca\\\/?p=2922#article\",\"isPartOf\":{\"@id\":\"https:\\\/\\\/cpas.scfp.qc.ca\\\/?p=2922\"},\"author\":{\"name\":\"admin5012\",\"@id\":\"https:\\\/\\\/cpas.scfp.qc.ca\\\/#\\\/schema\\\/person\\\/9c98e2b429ea0566a874567941e1eaaa\"},\"headline\":\"Qu\u00e9bec en pause\",\"datePublished\":\"2020-11-30T21:15:29+00:00\",\"mainEntityOfPage\":{\"@id\":\"https:\\\/\\\/cpas.scfp.qc.ca\\\/?p=2922\"},\"wordCount\":304,\"publisher\":{\"@id\":\"https:\\\/\\\/cpas.scfp.qc.ca\\\/#organization\"},\"image\":{\"@id\":\"https:\\\/\\\/cpas.scfp.qc.ca\\\/?p=2922#primaryimage\"},\"thumbnailUrl\":\"\",\"articleSection\":[\"Nouvelles\"],\"inLanguage\":\"fr-FR\"},{\"@type\":\"WebPage\",\"@id\":\"https:\\\/\\\/cpas.scfp.qc.ca\\\/?p=2922\",\"url\":\"https:\\\/\\\/cpas.scfp.qc.ca\\\/?p=2922\",\"name\":\"Qu\u00e9bec en pause - Conseil provincial des affaires sociales\",\"isPartOf\":{\"@id\":\"https:\\\/\\\/cpas.scfp.qc.ca\\\/#website\"},\"primaryImageOfPage\":{\"@id\":\"https:\\\/\\\/cpas.scfp.qc.ca\\\/?p=2922#primaryimage\"},\"image\":{\"@id\":\"https:\\\/\\\/cpas.scfp.qc.ca\\\/?p=2922#primaryimage\"},\"thumbnailUrl\":\"\",\"datePublished\":\"2020-11-30T21:15:29+00:00\",\"breadcrumb\":{\"@id\":\"https:\\\/\\\/cpas.scfp.qc.ca\\\/?p=2922#breadcrumb\"},\"inLanguage\":\"fr-FR\",\"potentialAction\":[{\"@type\":\"ReadAction\",\"target\":[\"https:\\\/\\\/cpas.scfp.qc.ca\\\/?p=2922\"]}]},{\"@type\":\"ImageObject\",\"inLanguage\":\"fr-FR\",\"@id\":\"https:\\\/\\\/cpas.scfp.qc.ca\\\/?p=2922#primaryimage\",\"url\":\"\",\"contentUrl\":\"\"},{\"@type\":\"BreadcrumbList\",\"@id\":\"https:\\\/\\\/cpas.scfp.qc.ca\\\/?p=2922#breadcrumb\",\"itemListElement\":[{\"@type\":\"ListItem\",\"position\":1,\"name\":\"Accueil\",\"item\":\"https:\\\/\\\/cpas.scfp.qc.ca\\\/\"},{\"@type\":\"ListItem\",\"position\":2,\"name\":\"Qu\u00e9bec en pause\"}]},{\"@type\":\"WebSite\",\"@id\":\"https:\\\/\\\/cpas.scfp.qc.ca\\\/#website\",\"url\":\"https:\\\/\\\/cpas.scfp.qc.ca\\\/\",\"name\":\"Conseil provincial des affaires sociales\",\"description\":\"Du m\u00e9tier et du c\u0153ur\",\"publisher\":{\"@id\":\"https:\\\/\\\/cpas.scfp.qc.ca\\\/#organization\"},\"alternateName\":\"CPAS\",\"potentialAction\":[{\"@type\":\"SearchAction\",\"target\":{\"@type\":\"EntryPoint\",\"urlTemplate\":\"https:\\\/\\\/cpas.scfp.qc.ca\\\/?s={search_term_string}\"},\"query-input\":{\"@type\":\"PropertyValueSpecification\",\"valueRequired\":true,\"valueName\":\"search_term_string\"}}],\"inLanguage\":\"fr-FR\"},{\"@type\":\"Organization\",\"@id\":\"https:\\\/\\\/cpas.scfp.qc.ca\\\/#organization\",\"name\":\"Conseil provincial des affaires sociales\",\"alternateName\":\"CPAS\",\"url\":\"https:\\\/\\\/cpas.scfp.qc.ca\\\/\",\"logo\":{\"@type\":\"ImageObject\",\"inLanguage\":\"fr-FR\",\"@id\":\"https:\\\/\\\/cpas.scfp.qc.ca\\\/#\\\/schema\\\/logo\\\/image\\\/\",\"url\":\"https:\\\/\\\/cpas.scfp.qc.ca\\\/wp-content\\\/uploads\\\/2023\\\/12\\\/logo_cpas_horizontalsignature_rgb.png\",\"contentUrl\":\"https:\\\/\\\/cpas.scfp.qc.ca\\\/wp-content\\\/uploads\\\/2023\\\/12\\\/logo_cpas_horizontalsignature_rgb.png\",\"width\":1980,\"height\":1980,\"caption\":\"Conseil provincial des affaires sociales\"},\"image\":{\"@id\":\"https:\\\/\\\/cpas.scfp.qc.ca\\\/#\\\/schema\\\/logo\\\/image\\\/\"},\"sameAs\":[\"https:\\\/\\\/www.facebook.com\\\/cpas.scfp\",\"https:\\\/\\\/x.com\\\/RechercheCPAS\",\"https:\\\/\\\/www.instagram.com\\\/cpas_scfp\\\/\",\"https:\\\/\\\/www.linkedin.com\\\/company\\\/100101794\\\/admin\\\/feed\\\/posts\\\/\",\"https:\\\/\\\/www.threads.com\\\/@cpas_scfp\",\"https:\\\/\\\/bsky.app\\\/profile\\\/cpas-scfp.bsky.social\",\"https:\\\/\\\/www.tiktok.com\\\/@cpasscfp\"],\"description\":\"Le Conseil provincial des affaires sociales (CPAS) rassemble plus de 35 000 travailleuses et travailleurs du secteur de la sant\u00e9 et des services sociaux syndiqu\u00e9s aupr\u00e8s du Syndicat canadien de la fonction publique (SCFP).\",\"email\":\"info@scfpcpas.ca\",\"telephone\":\"4384766448\",\"legalName\":\"Conseil provincial des affaires sociales\"},{\"@type\":\"Person\",\"@id\":\"https:\\\/\\\/cpas.scfp.qc.ca\\\/#\\\/schema\\\/person\\\/9c98e2b429ea0566a874567941e1eaaa\",\"name\":\"admin5012\",\"image\":{\"@type\":\"ImageObject\",\"inLanguage\":\"fr-FR\",\"@id\":\"https:\\\/\\\/secure.gravatar.com\\\/avatar\\\/154f1b3fbe53a30b002268b4770a132b86e7bb353da871dbaf3a1b240317a4c3?s=96&d=mm&r=g\",\"url\":\"https:\\\/\\\/secure.gravatar.com\\\/avatar\\\/154f1b3fbe53a30b002268b4770a132b86e7bb353da871dbaf3a1b240317a4c3?s=96&d=mm&r=g\",\"contentUrl\":\"https:\\\/\\\/secure.gravatar.com\\\/avatar\\\/154f1b3fbe53a30b002268b4770a132b86e7bb353da871dbaf3a1b240317a4c3?s=96&d=mm&r=g\",\"caption\":\"admin5012\"},\"sameAs\":[\"http:\\\/\\\/cpas.scfp.qc.ca\",\"https:\\\/\\\/www.facebook.com\\\/cpas.scfp\",\"https:\\\/\\\/www.instagram.com\\\/cpas_scfp\\\/\",\"https:\\\/\\\/www.linkedin.com\\\/company\\\/conseil-provincial-des-affaires-sociales-cpas-scfp-cupe\\\/?viewAsMember=true\",\"https:\\\/\\\/x.com\\\/RechercheCPAS\"],\"url\":\"https:\\\/\\\/cpas.scfp.qc.ca\\\/?author=1\"}]}<\/script>\n<!-- \/ Yoast SEO Premium plugin. -->","yoast_head_json":{"title":"Qu\u00e9bec en pause - Conseil provincial des affaires sociales","robots":{"index":"index","follow":"follow","max-snippet":"max-snippet:-1","max-image-preview":"max-image-preview:large","max-video-preview":"max-video-preview:-1"},"canonical":"https:\/\/cpas.scfp.qc.ca\/?p=2922","og_locale":"fr_FR","og_type":"article","og_title":"Qu\u00e9bec en pause","og_description":"Le 12 novembre dernier, de 10:00 \u00e0 10:15 s\u2019est d\u00e9roul\u00e9 Le Qu\u00e9bec en pause. Partout au Qu\u00e9bec des milliers de citoyen.ne.s et de travailleur.se.s de toutes all\u00e9geances syndicales ont pris une pause afin de manifester leur soutien et leur reconnaissance aux travailleur.se.s des secteurs de la sant\u00e9 et de l\u2019\u00e9ducation. L\u2019activit\u00e9, initi\u00e9e par le CPAS, a obtenu un franc succ\u00e8s \u00e0 travers l\u2019enti\u00e8ret\u00e9 de la province, en plus de b\u00e9n\u00e9ficier d\u2019un enviable rayonnement m\u00e9diatique. Dans les m\u00e9dias\u00a0: Une pause-manifestation en hommage aux travailleurs de premi\u00e8re ligne. Nord Info: 13 novembre 2020. Agence QMI. COVID-19\u00a0: une pause de 15 minutes en hommage aux personnels de premi\u00e8re ligne. Journal de Qu\u00e9bec: 12 novembre 2020. Chartier, Pierre. Les cols bleus et cols blancs de Repentigny rendent hommage aux travailleurs de premi\u00e8re ligne. Hebdo Rive Nord: 16 novembre 2020. L\u00e9vesque, Lia. Secteur public: \u00able Qu\u00e9bec en pause\u00bb durant 15 minutes, en soutien aux travailleurs. Huffpost: 11 novembre 2020. Ranger, Marc. Une pause de 15 minutes\u2026 pour soutenir les milliers de femmes et d\u2019hommes qui sont au front. Le Droit: 11 novembre 2020. Communiqu\u00e9s de presse : Le Bas-Saint-Laurent prend une pause pour la cause &#8211; 12 novembre \u00e0 10 h. 11 novembre 2020. Syndicat canadien de la fonction publique. La Capitale-Nationale prend une pause pour la cause &#8211; 12 novembre \u00e0 10 h. 11 novembre 2020. Syndicat canadien de la fonction publique. En Estrie, on prend une pause pour la cause. 10 novembre 2020. Syndicat canadien de la fonction publique. La FTQ rend hommage aux travailleuses et travailleurs de premi\u00e8re ligne. 12 novembre 2020. F\u00e9d\u00e9ration des travailleurs et travailleuses du Qu\u00e9bec. N\u00e9gociations du secteur public &#8211; L&rsquo;alliance APTS-FIQ se joint au mouvement \u00ab\u2009Le Qu\u00e9bec en pause\u2009\u00bb. 11 novembre 2020. Alliance du personnel professionnel et technique de la sant\u00e9 et des services sociaux.","og_url":"https:\/\/cpas.scfp.qc.ca\/?p=2922","og_site_name":"Conseil provincial des affaires sociales","article_publisher":"https:\/\/www.facebook.com\/cpas.scfp","article_author":"https:\/\/www.facebook.com\/cpas.scfp","article_published_time":"2020-11-30T21:15:29+00:00","author":"admin5012","twitter_card":"summary_large_image","twitter_creator":"@RechercheCPAS","twitter_site":"@RechercheCPAS","twitter_misc":{"\u00c9crit par":"admin5012","Dur\u00e9e de lecture estim\u00e9e":"1 minute"},"schema":{"@context":"https:\/\/schema.org","@graph":[{"@type":"Article","@id":"https:\/\/cpas.scfp.qc.ca\/?p=2922#article","isPartOf":{"@id":"https:\/\/cpas.scfp.qc.ca\/?p=2922"},"author":{"name":"admin5012","@id":"https:\/\/cpas.scfp.qc.ca\/#\/schema\/person\/9c98e2b429ea0566a874567941e1eaaa"},"headline":"Qu\u00e9bec en pause","datePublished":"2020-11-30T21:15:29+00:00","mainEntityOfPage":{"@id":"https:\/\/cpas.scfp.qc.ca\/?p=2922"},"wordCount":304,"publisher":{"@id":"https:\/\/cpas.scfp.qc.ca\/#organization"},"image":{"@id":"https:\/\/cpas.scfp.qc.ca\/?p=2922#primaryimage"},"thumbnailUrl":"","articleSection":["Nouvelles"],"inLanguage":"fr-FR"},{"@type":"WebPage","@id":"https:\/\/cpas.scfp.qc.ca\/?p=2922","url":"https:\/\/cpas.scfp.qc.ca\/?p=2922","name":"Qu\u00e9bec en pause - Conseil provincial des affaires sociales","isPartOf":{"@id":"https:\/\/cpas.scfp.qc.ca\/#website"},"primaryImageOfPage":{"@id":"https:\/\/cpas.scfp.qc.ca\/?p=2922#primaryimage"},"image":{"@id":"https:\/\/cpas.scfp.qc.ca\/?p=2922#primaryimage"},"thumbnailUrl":"","datePublished":"2020-11-30T21:15:29+00:00","breadcrumb":{"@id":"https:\/\/cpas.scfp.qc.ca\/?p=2922#breadcrumb"},"inLanguage":"fr-FR","potentialAction":[{"@type":"ReadAction","target":["https:\/\/cpas.scfp.qc.ca\/?p=2922"]}]},{"@type":"ImageObject","inLanguage":"fr-FR","@id":"https:\/\/cpas.scfp.qc.ca\/?p=2922#primaryimage","url":"","contentUrl":""},{"@type":"BreadcrumbList","@id":"https:\/\/cpas.scfp.qc.ca\/?p=2922#breadcrumb","itemListElement":[{"@type":"ListItem","position":1,"name":"Accueil","item":"https:\/\/cpas.scfp.qc.ca\/"},{"@type":"ListItem","position":2,"name":"Qu\u00e9bec en pause"}]},{"@type":"WebSite","@id":"https:\/\/cpas.scfp.qc.ca\/#website","url":"https:\/\/cpas.scfp.qc.ca\/","name":"Conseil provincial des affaires sociales","description":"Du m\u00e9tier et du c\u0153ur","publisher":{"@id":"https:\/\/cpas.scfp.qc.ca\/#organization"},"alternateName":"CPAS","potentialAction":[{"@type":"SearchAction","target":{"@type":"EntryPoint","urlTemplate":"https:\/\/cpas.scfp.qc.ca\/?s={search_term_string}"},"query-input":{"@type":"PropertyValueSpecification","valueRequired":true,"valueName":"search_term_string"}}],"inLanguage":"fr-FR"},{"@type":"Organization","@id":"https:\/\/cpas.scfp.qc.ca\/#organization","name":"Conseil provincial des affaires sociales","alternateName":"CPAS","url":"https:\/\/cpas.scfp.qc.ca\/","logo":{"@type":"ImageObject","inLanguage":"fr-FR","@id":"https:\/\/cpas.scfp.qc.ca\/#\/schema\/logo\/image\/","url":"https:\/\/cpas.scfp.qc.ca\/wp-content\/uploads\/2023\/12\/logo_cpas_horizontalsignature_rgb.png","contentUrl":"https:\/\/cpas.scfp.qc.ca\/wp-content\/uploads\/2023\/12\/logo_cpas_horizontalsignature_rgb.png","width":1980,"height":1980,"caption":"Conseil provincial des affaires sociales"},"image":{"@id":"https:\/\/cpas.scfp.qc.ca\/#\/schema\/logo\/image\/"},"sameAs":["https:\/\/www.facebook.com\/cpas.scfp","https:\/\/x.com\/RechercheCPAS","https:\/\/www.instagram.com\/cpas_scfp\/","https:\/\/www.linkedin.com\/company\/100101794\/admin\/feed\/posts\/","https:\/\/www.threads.com\/@cpas_scfp","https:\/\/bsky.app\/profile\/cpas-scfp.bsky.social","https:\/\/www.tiktok.com\/@cpasscfp"],"description":"Le Conseil provincial des affaires sociales (CPAS) rassemble plus de 35 000 travailleuses et travailleurs du secteur de la sant\u00e9 et des services sociaux syndiqu\u00e9s aupr\u00e8s du Syndicat canadien de la fonction publique (SCFP).","email":"info@scfpcpas.ca","telephone":"4384766448","legalName":"Conseil provincial des affaires sociales"},{"@type":"Person","@id":"https:\/\/cpas.scfp.qc.ca\/#\/schema\/person\/9c98e2b429ea0566a874567941e1eaaa","name":"admin5012","image":{"@type":"ImageObject","inLanguage":"fr-FR","@id":"https:\/\/secure.gravatar.com\/avatar\/154f1b3fbe53a30b002268b4770a132b86e7bb353da871dbaf3a1b240317a4c3?s=96&d=mm&r=g","url":"https:\/\/secure.gravatar.com\/avatar\/154f1b3fbe53a30b002268b4770a132b86e7bb353da871dbaf3a1b240317a4c3?s=96&d=mm&r=g","contentUrl":"https:\/\/secure.gravatar.com\/avatar\/154f1b3fbe53a30b002268b4770a132b86e7bb353da871dbaf3a1b240317a4c3?s=96&d=mm&r=g","caption":"admin5012"},"sameAs":["http:\/\/cpas.scfp.qc.ca","https:\/\/www.facebook.com\/cpas.scfp","https:\/\/www.instagram.com\/cpas_scfp\/","https:\/\/www.linkedin.com\/company\/conseil-provincial-des-affaires-sociales-cpas-scfp-cupe\/?viewAsMember=true","https:\/\/x.com\/RechercheCPAS"],"url":"https:\/\/cpas.scfp.qc.ca\/?author=1"}]}},"jetpack_featured_media_url":"","jetpack_sharing_enabled":true,"_links":{"self":[{"href":"https:\/\/cpas.scfp.qc.ca\/index.php?rest_route=\/wp\/v2\/posts\/2922","targetHints":{"allow":["GET"]}}],"collection":[{"href":"https:\/\/cpas.scfp.qc.ca\/index.php?rest_route=\/wp\/v2\/posts"}],"about":[{"href":"https:\/\/cpas.scfp.qc.ca\/index.php?rest_route=\/wp\/v2\/types\/post"}],"author":[{"embeddable":true,"href":"https:\/\/cpas.scfp.qc.ca\/index.php?rest_route=\/wp\/v2\/users\/1"}],"replies":[{"embeddable":true,"href":"https:\/\/cpas.scfp.qc.ca\/index.php?rest_route=%2Fwp%2Fv2%2Fcomments&post=2922"}],"version-history":[{"count":0,"href":"https:\/\/cpas.scfp.qc.ca\/index.php?rest_route=\/wp\/v2\/posts\/2922\/revisions"}],"wp:featuredmedia":[{"embeddable":true,"href":"https:\/\/cpas.scfp.qc.ca\/index.php?rest_route=\/"}],"wp:attachment":[{"href":"https:\/\/cpas.scfp.qc.ca\/index.php?rest_route=%2Fwp%2Fv2%2Fmedia&parent=2922"}],"wp:term":[{"taxonomy":"category","embeddable":true,"href":"https:\/\/cpas.scfp.qc.ca\/index.php?rest_route=%2Fwp%2Fv2%2Fcategories&post=2922"},{"taxonomy":"post_tag","embeddable":true,"href":"https:\/\/cpas.scfp.qc.ca\/index.php?rest_route=%2Fwp%2Fv2%2Ftags&post=2922"}],"curies":[{"name":"wp","href":"https:\/\/api.w.org\/{rel}","templated":true}]}}